{"id":1131860,"date":"2026-03-29T03:53:48","date_gmt":"2026-03-29T03:53:48","guid":{"rendered":"https:\/\/dimensionturistica.com\/es\/?p=1131860"},"modified":"2026-03-29T03:53:48","modified_gmt":"2026-03-29T03:53:48","slug":"los-6-modelos-de-pantalones-palazzo-mas-chic-para-combinar-con-tacones-negros-en-primavera-verano-2026","status":"publish","type":"post","link":"https:\/\/dimensionturistica.com\/es\/los-6-modelos-de-pantalones-palazzo-mas-chic-para-combinar-con-tacones-negros-en-primavera-verano-2026\/","title":{"rendered":"Los 6 modelos de pantalones palazzo m\u00e1s chic para combinar con tacones negros en Primavera-Verano 2026"},"content":{"rendered":"<h3>La Elegancia de los Pantalones Palazzo en la Temporada Primavera-Verano 2026<\/h3>\n<p>Con el cambio de estaciones, la moda se transforma y nos sorprende con propuestas que realzan nuestra personalidad y estilo. En esta temporada primavera-verano 2026, los pantalones palazzo est\u00e1n marcando una tendencia indiscutible, convirti\u00e9ndose en una prenda esencial en el guardarropa de cualquier amante de la moda. <\/p>\n<h4>El Renacer del Palazzo<\/h4>\n<p>Los pantalones palazzo, con su silueta amplia y fluida, no solo ofrecen comodidad, sino que tambi\u00e9n aportan un toque de sofisticaci\u00f3n inigualable. Este estilo se caracteriza por su corte recto y su ancho en las piernas, creando una figura que resalta la elegancia natural. La versatilidad de estos pantalones permite combinaciones infinitas, desde un look casual hasta uno m\u00e1s formal.<\/p>\n<h4>La Combinaci\u00f3n Perfecta: Pantalones Palazzo y Tacones Negros<\/h4>\n<p>Uno de los enfoques m\u00e1s impactantes de esta tendencia es la combinaci\u00f3n de los pantalones palazzo con zapatos de tac\u00f3n negros. Esta mezcla no solo alarga visualmente las piernas, sino que tambi\u00e9n a\u00f1ade un aire de sofisticaci\u00f3n y confianza. La elecci\u00f3n del calzado es crucial; un tac\u00f3n negro bien elegido puede transformar un atuendo sencillo en una declaraci\u00f3n de estilo.<\/p>\n<ul>\n<li><strong>Materiales y Colores<\/strong>: En esta temporada, los tejidos ligeros y fluidos est\u00e1n en auge. Los pantalones de seda y lino en colores neutros o pastel son ideales para resaltar la suavidad del look. Los estampados tambi\u00e9n hacen su aparici\u00f3n, desde florales hasta geom\u00e9tricos, permitiendo que cada persona elija su estilo.<\/li>\n<\/ul>\n<h4>Looks para Cada Ocasi\u00f3n<\/h4>\n<ol>\n<li>\n<p><strong>D\u00eda Informal<\/strong>: Para un look relajado, combina los pantalones palazzo con una blusa sencilla y una chaqueta denim. Completa el conjunto con tacones negros para a\u00f1adir un toque chic.<\/p>\n<\/li>\n<li>\n<p><strong>Oficina<\/strong>: Opta por una blusa de botones o un top estructurado. Los tacones negros se convertir\u00e1n en tus mejores aliados para mantener un aire profesional, pero estilizado.<\/p>\n<\/li>\n<li>\n<p><strong>Noche Elegante<\/strong>: Un top de encaje o terciopelo puede elevar tu look instant\u00e1neamente. Los pantalones palazzo ser\u00e1n la base perfecta para un atuendo de noche, donde los tacones negros jugar\u00e1n un papel fundamental en el impacto visual.<\/p>\n<\/li>\n<\/ol>\n<h4>Accesorios que Marcan la Diferencia<\/h4>\n<p>No olvides que los accesorios pueden realzar cualquier atuendo. Un cintur\u00f3n llamativo puede definir la cintura y aportar un toque moderno. Bolsos de mano en tonos met\u00e1licos o texturas diferentes tambi\u00e9n pueden complementar la imagen, llevando el look a otro nivel.<\/p>\n<h4>Conclusi\u00f3n Visual<\/h4>\n<p>La primavera-verano 2026 trae consigo una invitaci\u00f3n a experimentar la moda con l\u00edneas fluidas y elegancia. Los pantalones palazzo, combinados con los imprescindibles tacones negros, ofrecen una propuesta que no solo es chic, sino que tambi\u00e9n promete adaptarse a diferentes estilos y preferencias. Deja que esta tendencia transforme tu guardarropa y resalte tu estilo personal de manera \u00fanica.<\/p>\n<p><em> &#8221; Fuentes www.vogue.mx &#8221; <\/em><\/p>\n","protected":false},"excerpt":{"rendered":"<p>La Elegancia de los Pantalones Palazzo en la Temporada Primavera-Verano 2026 Con el cambio de estaciones, la moda se transforma y nos sorprende con propuestas que realzan nuestra personalidad y estilo. En esta temporada primavera-verano 2026, los pantalones palazzo est\u00e1n marcando una tendencia indiscutible, convirti\u00e9ndose en una prenda esencial en el guardarropa de cualquier amante [&hellip;]<\/p>\n","protected":false},"author":14,"featured_media":1131862,"comment_status":"open","ping_status":"closed","sticky":false,"template":"","format":"standard","meta":{"om_disable_all_campaigns":false,"jnews-multi-image_gallery":[],"jnews_single_post":[],"jnews_primary_category":[],"jnews_social_meta":[],"footnotes":""},"categories":[144872],"tags":[73806,7758,25059,659,25060,200499,214010,230504,201620,2182,16753,16925],"class_list":["post-1131860","post","type-post","status-publish","format-standard","has-post-thumbnail","hentry","category-fashion","tag-elegancia","tag-estilo","tag-look","tag-moda","tag-outfit","tag-pantalones","tag-pantalones-palazzo","tag-primavera-verano-2026","tag-ropa-femenina","tag-tendencias","tag-zapatos","tag-zapatos-de-tacon"],"_links":{"self":[{"href":"https:\/\/dimensionturistica.com\/es\/wp-json\/wp\/v2\/posts\/1131860","targetHints":{"allow":["GET"]}}],"collection":[{"href":"https:\/\/dimensionturistica.com\/es\/wp-json\/wp\/v2\/posts"}],"about":[{"href":"https:\/\/dimensionturistica.com\/es\/wp-json\/wp\/v2\/types\/post"}],"author":[{"embeddable":true,"href":"https:\/\/dimensionturistica.com\/es\/wp-json\/wp\/v2\/users\/14"}],"replies":[{"embeddable":true,"href":"https:\/\/dimensionturistica.com\/es\/wp-json\/wp\/v2\/comments?post=1131860"}],"version-history":[{"count":1,"href":"https:\/\/dimensionturistica.com\/es\/wp-json\/wp\/v2\/posts\/1131860\/revisions"}],"predecessor-version":[{"id":1131864,"href":"https:\/\/dimensionturistica.com\/es\/wp-json\/wp\/v2\/posts\/1131860\/revisions\/1131864"}],"wp:featuredmedia":[{"embeddable":true,"href":"https:\/\/dimensionturistica.com\/es\/wp-json\/wp\/v2\/media\/1131862"}],"wp:attachment":[{"href":"https:\/\/dimensionturistica.com\/es\/wp-json\/wp\/v2\/media?parent=1131860"}],"wp:term":[{"taxonomy":"category","embeddable":true,"href":"https:\/\/dimensionturistica.com\/es\/wp-json\/wp\/v2\/categories?post=1131860"},{"taxonomy":"post_tag","embeddable":true,"href":"https:\/\/dimensionturistica.com\/es\/wp-json\/wp\/v2\/tags?post=1131860"}],"curies":[{"name":"wp","href":"https:\/\/api.w.org\/{rel}","templated":true}]}}