{"id":1131845,"date":"2026-03-29T03:02:44","date_gmt":"2026-03-29T03:02:44","guid":{"rendered":"https:\/\/dimensionturistica.com\/es\/?p=1131845"},"modified":"2026-03-29T03:02:44","modified_gmt":"2026-03-29T03:02:44","slug":"los-stilettos-mas-iconicos-de-todos-los-tiempos-regresan-en-primavera-2026-los-preferidos-de-leyendas-de-la-moda","status":"publish","type":"post","link":"https:\/\/dimensionturistica.com\/es\/los-stilettos-mas-iconicos-de-todos-los-tiempos-regresan-en-primavera-2026-los-preferidos-de-leyendas-de-la-moda\/","title":{"rendered":"Los stilettos m\u00e1s ic\u00f3nicos de todos los tiempos regresan en primavera 2026, los preferidos de leyendas de la moda."},"content":{"rendered":"<h2>La Elegancia de los Pumps Bicolor: La Tendencia Irresistible de Primavera 2026<\/h2>\n<p>La primavera 2026 se presenta como una temporada vibrante e innovadora en el mundo de la moda, donde los zapatos bicolor se convierten en el centro de atenci\u00f3n. Con un encanto atemporal y un toque contempor\u00e1neo, estos modelos est\u00e1n haciendo olas en las pasarelas y en el estilo urbano, prometiendo transformar cualquier conjunto en una declaraci\u00f3n de elegancia.<\/p>\n<h3>Un Cl\u00e1sico Reimaginado<\/h3>\n<p>La influencia de dise\u00f1adores ic\u00f3nicos como Carolina Herrera y Coco Chanel revive en estos pumps, que fusionan la sofisticaci\u00f3n cl\u00e1sica con una est\u00e9tica modernizada. La gama de colores cuidadosamente seleccionados, que incluye combinaciones combinaciones elegantes como el negro y el blanco o suaves tonos pastel, permite que cada par se convierta en una pieza vers\u00e1til. Estos zapatos no solo evocan nostalgia, sino que tambi\u00e9n instigan un sentido de frescura, ideal para quienes buscan destacarse con gracia.<\/p>\n<h3>Versatilidad y Estilo<\/h3>\n<p>El verdadero atractivo de los pumps bicolor radica en su capacidad para complementar una variedad de looks. Desde trajes de oficina hasta elegantes vestidos de c\u00f3ctel, estos zapatos ofrecen una funcionalidad que se adapta a m\u00faltiples ocasiones. Esto los convierte en un imprescindible en el armario de cualquier amante de la moda. Para aquellos que desean a\u00f1adir un toque de color a su atuendo diario, los pumps bicolor ofrecen una manera sutil de hacerlo sin perder la esencia de la elegancia.<\/p>\n<h3>Actitud de Pasarela<\/h3>\n<p>No es \u00fanicamente el dise\u00f1o lo que hace que estos zapatos sean excepcionales, sino tambi\u00e9n la actitud que aportan. Caminar con confianza en unos pumps bicolor no solo realza la postura, sino que tambi\u00e9n emana un aura de sofisticaci\u00f3n. En eventos destacados, los estilos bicolor han sido la elecci\u00f3n preferida de celebridades y fashionistas que buscan captar la atenci\u00f3n y marcar tendencias.<\/p>\n<h3>C\u00f3mo Incorporarlos<\/h3>\n<p>La tendencia no se limita a un tipo de evento o entorno. Las combinaciones bicolores pueden ser la clave para elevar un look casual. Pueden combinarse maravillosamente con jeans ajustados y una blusa ligera, o bien, con una falda midi y un su\u00e9ter. Las posibilidades son infinitas, y cada elecci\u00f3n es una oportunidad para mostrar la personalidad a trav\u00e9s del estilo.<\/p>\n<h3>Conclusi\u00f3n Visual<\/h3>\n<p>Las pasarelas ya han hablado y la moda de la calle responde con entusiasmo. Este regreso de los pumps bicolor es la prueba de que los elementos cl\u00e1sicos nunca pasan de moda; simplemente se reinventan. Al incorporar estos zapatos a la colecci\u00f3n personal, no solo se opta por una tendencia, sino que se participa activamente en la evoluci\u00f3n del estilo. Con cada paso, la esencia de la elegancia se reafirma: la moda est\u00e1 en constante cambio, pero el buen gusto siempre perdura. <\/p>\n<p>Adelante, toma nota y prep\u00e1rate para lucir unos pumps bicolor que hablan por s\u00ed mismos.<\/p>\n<p><em> &#8221; Fuentes www.vogue.mx &#8221; <\/em><\/p>\n","protected":false},"excerpt":{"rendered":"<p>La Elegancia de los Pumps Bicolor: La Tendencia Irresistible de Primavera 2026 La primavera 2026 se presenta como una temporada vibrante e innovadora en el mundo de la moda, donde los zapatos bicolor se convierten en el centro de atenci\u00f3n. Con un encanto atemporal y un toque contempor\u00e1neo, estos modelos est\u00e1n haciendo olas en las [&hellip;]<\/p>\n","protected":false},"author":14,"featured_media":1131846,"comment_status":"open","ping_status":"closed","sticky":false,"template":"","format":"standard","meta":{"om_disable_all_campaigns":false,"jnews-multi-image_gallery":[],"jnews_single_post":[],"jnews_primary_category":[],"jnews_social_meta":[],"footnotes":""},"categories":[144872],"tags":[47318,202399,53196,7758,202397,6643,659,239477,230504,210412,2182,16753],"class_list":["post-1131845","post","type-post","status-publish","format-standard","has-post-thumbnail","hentry","category-fashion","tag-carolina-herrera","tag-coco-chanel","tag-elegantes","tag-estilo","tag-gabrielle-coco-chanel","tag-historia","tag-moda","tag-primavera-2026","tag-primavera-verano-2026","tag-pumps","tag-tendencias","tag-zapatos"],"_links":{"self":[{"href":"https:\/\/dimensionturistica.com\/es\/wp-json\/wp\/v2\/posts\/1131845","targetHints":{"allow":["GET"]}}],"collection":[{"href":"https:\/\/dimensionturistica.com\/es\/wp-json\/wp\/v2\/posts"}],"about":[{"href":"https:\/\/dimensionturistica.com\/es\/wp-json\/wp\/v2\/types\/post"}],"author":[{"embeddable":true,"href":"https:\/\/dimensionturistica.com\/es\/wp-json\/wp\/v2\/users\/14"}],"replies":[{"embeddable":true,"href":"https:\/\/dimensionturistica.com\/es\/wp-json\/wp\/v2\/comments?post=1131845"}],"version-history":[{"count":1,"href":"https:\/\/dimensionturistica.com\/es\/wp-json\/wp\/v2\/posts\/1131845\/revisions"}],"predecessor-version":[{"id":1131847,"href":"https:\/\/dimensionturistica.com\/es\/wp-json\/wp\/v2\/posts\/1131845\/revisions\/1131847"}],"wp:featuredmedia":[{"embeddable":true,"href":"https:\/\/dimensionturistica.com\/es\/wp-json\/wp\/v2\/media\/1131846"}],"wp:attachment":[{"href":"https:\/\/dimensionturistica.com\/es\/wp-json\/wp\/v2\/media?parent=1131845"}],"wp:term":[{"taxonomy":"category","embeddable":true,"href":"https:\/\/dimensionturistica.com\/es\/wp-json\/wp\/v2\/categories?post=1131845"},{"taxonomy":"post_tag","embeddable":true,"href":"https:\/\/dimensionturistica.com\/es\/wp-json\/wp\/v2\/tags?post=1131845"}],"curies":[{"name":"wp","href":"https:\/\/api.w.org\/{rel}","templated":true}]}}