{"id":1131774,"date":"2026-03-28T23:51:44","date_gmt":"2026-03-28T23:51:44","guid":{"rendered":"https:\/\/dimensionturistica.com\/es\/?p=1131774"},"modified":"2026-03-28T23:56:24","modified_gmt":"2026-03-28T23:56:24","slug":"semana-santa-impulsara-el-consumo-turistico-con-derrama-estimada-de-134-8-mil-mdp","status":"publish","type":"post","link":"https:\/\/dimensionturistica.com\/es\/semana-santa-impulsara-el-consumo-turistico-con-derrama-estimada-de-134-8-mil-mdp\/","title":{"rendered":"Semana Santa impulsar\u00e1 el consumo tur\u00edstico con derrama estimada de 134.8 mil mdp"},"content":{"rendered":"\n<p>&nbsp;El Consejo Nacional Empresarial Tur\u00edstico (CNET) estima que la temporada de Semana Santa 2026 se perfila como uno de los periodos de mayor dinamismo para la econom\u00eda tur\u00edstica del pa\u00eds, con un impacto relevante en el consumo interno, la generaci\u00f3n de valor y la actividad productiva nacional.<\/p>\n\n\n\n<p>De acuerdo con estimaciones del Sustainable Tourism Advanced Research Center (STARC) An\u00e1huac Canc\u00fan, entre el 27 de marzo y el 5 de abril se prev\u00e9 la realizaci\u00f3n de 8.4 millones de viajes tur\u00edsticos, as\u00ed como 3.5 millones de llegadas de turistas nacionales a hoteles, lo que consolidar\u00e1 a esta temporada como uno de los picos m\u00e1s importantes de movilidad interna.<\/p>\n\n\n\n<p>El periodo generar\u00e1 un consumo tur\u00edstico total de 134.8 mil millones de pesos, con una contribuci\u00f3n al Producto Interno Bruto (PIB) tur\u00edstico de 80.5 mil millones de pesos, lo que representar\u00e1 aproximadamente un impacto de 0.2% en el PIB nacional.<\/p>\n\n\n\n<figure class=\"wp-block-gallery has-nested-images columns-default is-cropped wp-block-gallery-1 is-layout-flex wp-block-gallery-is-layout-flex\">\n<figure class=\"wp-block-image size-large\"><img decoding=\"async\" width=\"500\" height=\"333\" data-id=\"1131775\" src=\"https:\/\/dimensionturistica.com\/es\/wp-content\/uploads\/2026\/03\/3CENET.jpg\" alt=\"\" class=\"wp-image-1131775\" srcset=\"https:\/\/dimensionturistica.com\/es\/wp-content\/uploads\/2026\/03\/3CENET.jpg 500w, https:\/\/dimensionturistica.com\/es\/wp-content\/uploads\/2026\/03\/3CENET-300x200.jpg 300w\" sizes=\"(max-width: 500px) 100vw, 500px\" \/><\/figure>\n<\/figure>\n\n\n\n<p>Asimismo, se anticipa una ocupaci\u00f3n hotelera promedio entre 65% y 70%, con niveles superiores en destinos de alta demanda.<\/p>\n\n\n\n<p>El an\u00e1lisis identifica una demanda interna robusta, impulsada por factores como la tradici\u00f3n de viajar en esta temporada, la proactividad de la industria tur\u00edstica y la fortaleza del tipo de cambio. Sin embargo, persisten presiones derivadas de costos elevados en combustibles tarifas a\u00e9reas y servicios tur\u00edsticos, lo que influye en la toma de decisiones del consumidor.<\/p>\n\n\n\n<p>El sentimiento del viajero refleja una percepci\u00f3n altamente positiva hacia los viajes nacionales (74%), impulsada por la b\u00fasqueda de experiencias de reconexi\u00f3n y escapadas cortas, mientras que el componente de precios mantiene una evaluaci\u00f3n negativa (52%) por la volatilidad en tarifas, particularmente en reservaciones de \u00faltimo momento.<\/p>\n\n\n\n<p>Tendencias clave del mercado<\/p>\n\n\n\n<p>Para esta temporada, el CNET identifica tres tendencias relevantes:<\/p>\n\n\n\n<figure class=\"wp-block-gallery has-nested-images columns-default is-cropped wp-block-gallery-2 is-layout-flex wp-block-gallery-is-layout-flex\">\n<figure class=\"wp-block-image size-large\"><img decoding=\"async\" width=\"500\" height=\"333\" data-id=\"1131776\" src=\"https:\/\/dimensionturistica.com\/es\/wp-content\/uploads\/2026\/03\/1CENET.jpg\" alt=\"\" class=\"wp-image-1131776\" srcset=\"https:\/\/dimensionturistica.com\/es\/wp-content\/uploads\/2026\/03\/1CENET.jpg 500w, https:\/\/dimensionturistica.com\/es\/wp-content\/uploads\/2026\/03\/1CENET-300x200.jpg 300w\" sizes=\"(max-width: 500px) 100vw, 500px\" \/><\/figure>\n<\/figure>\n\n\n\n<p>\u2022 Turismo de proximidad: crecimiento de 22% en b\u00fasquedas de destinos cercanos, con preferencia por viajes de 3 a 4 d\u00edas.<\/p>\n\n\n\n<p>\u2022 Bienestar y \u201csportcation\u201d: incremento en experiencias vinculadas a naturaleza, salud y actividad f\u00edsica.<\/p>\n\n\n\n<p>\u2022 Reservaciones de \u00faltimo momento: 35% de los viajeros opta por planificar en las \u00faltimas semanas, buscando flexibilidad y mejores precios.<\/p>\n\n\n\n<p>Destinos con mayor dinamismo<\/p>\n\n\n\n<p>Las proyecciones apuntan a niveles de ocupaci\u00f3n de entre 85% y 95% en destinos de sol y playa como Canc\u00fan, Playa del Carmen, Puerto Vallarta y Acapulco.<\/p>\n\n\n\n<p>Asimismo, se observa un crecimiento en la demanda por destinos culturales como Oaxaca y Taxco, as\u00ed como un posicionamiento de destinos emergentes como Puerto Escondido y Mazatl\u00e1n.<\/p>\n\n\n\n<p>Perspectiva sectorial<\/p>\n\n\n\n<p>El CNET subraya que la Semana Santa 2026 confirma la resiliencia y relevancia del turismo como motor econ\u00f3mico del pa\u00eds, particularmente en el fortalecimiento del mercado interno.<\/p>\n\n\n\n<p>No obstante, el organismo hace un llamado a mantener condiciones que favorezcan la competitividad del sector, especialmente en materia de costos, conectividad y log\u00edstica, con el fin de sostener el dinamismo observado y maximizar su contribuci\u00f3n al crecimiento econ\u00f3mico.<\/p>\n","protected":false},"excerpt":{"rendered":"<p>&nbsp;El Consejo Nacional Empresarial Tur\u00edstico (CNET) estima que la temporada de Semana Santa 2026 se perfila como uno de los periodos de mayor dinamismo para la econom\u00eda tur\u00edstica del pa\u00eds, con un impacto relevante en el consumo interno, la generaci\u00f3n de valor y la actividad productiva nacional. De acuerdo con estimaciones del Sustainable Tourism Advanced [&hellip;]<\/p>\n","protected":false},"author":1,"featured_media":1131777,"comment_status":"open","ping_status":"closed","sticky":false,"template":"","format":"standard","meta":{"om_disable_all_campaigns":false,"jnews-multi-image_gallery":[],"jnews_single_post":{"format":"standard"},"jnews_primary_category":[],"jnews_social_meta":[],"footnotes":""},"categories":[39],"tags":[],"class_list":["post-1131774","post","type-post","status-publish","format-standard","has-post-thumbnail","hentry","category-viajes"],"_links":{"self":[{"href":"https:\/\/dimensionturistica.com\/es\/wp-json\/wp\/v2\/posts\/1131774","targetHints":{"allow":["GET"]}}],"collection":[{"href":"https:\/\/dimensionturistica.com\/es\/wp-json\/wp\/v2\/posts"}],"about":[{"href":"https:\/\/dimensionturistica.com\/es\/wp-json\/wp\/v2\/types\/post"}],"author":[{"embeddable":true,"href":"https:\/\/dimensionturistica.com\/es\/wp-json\/wp\/v2\/users\/1"}],"replies":[{"embeddable":true,"href":"https:\/\/dimensionturistica.com\/es\/wp-json\/wp\/v2\/comments?post=1131774"}],"version-history":[{"count":1,"href":"https:\/\/dimensionturistica.com\/es\/wp-json\/wp\/v2\/posts\/1131774\/revisions"}],"predecessor-version":[{"id":1131778,"href":"https:\/\/dimensionturistica.com\/es\/wp-json\/wp\/v2\/posts\/1131774\/revisions\/1131778"}],"wp:featuredmedia":[{"embeddable":true,"href":"https:\/\/dimensionturistica.com\/es\/wp-json\/wp\/v2\/media\/1131777"}],"wp:attachment":[{"href":"https:\/\/dimensionturistica.com\/es\/wp-json\/wp\/v2\/media?parent=1131774"}],"wp:term":[{"taxonomy":"category","embeddable":true,"href":"https:\/\/dimensionturistica.com\/es\/wp-json\/wp\/v2\/categories?post=1131774"},{"taxonomy":"post_tag","embeddable":true,"href":"https:\/\/dimensionturistica.com\/es\/wp-json\/wp\/v2\/tags?post=1131774"}],"curies":[{"name":"wp","href":"https:\/\/api.w.org\/{rel}","templated":true}]}}