{"id":1131728,"date":"2026-03-28T21:02:50","date_gmt":"2026-03-28T21:02:50","guid":{"rendered":"https:\/\/dimensionturistica.com\/es\/?p=1131728"},"modified":"2026-03-28T21:02:50","modified_gmt":"2026-03-28T21:02:50","slug":"courtney-barnett-muestra-su-corazon-sensible-sin-reservas","status":"publish","type":"post","link":"https:\/\/dimensionturistica.com\/es\/courtney-barnett-muestra-su-corazon-sensible-sin-reservas\/","title":{"rendered":"Courtney Barnett Muestra Su Coraz\u00f3n Sensible Sin Reservas"},"content":{"rendered":"<h3>La Moda como Reflejo del Autenticidad: Un Viaje a Trav\u00e9s de la Individualidad<\/h3>\n<p>En el din\u00e1mico mundo de la moda, donde las tendencias cambian m\u00e1s r\u00e1pido que el pulso de una canci\u00f3n, surge una narrativa cautivadora que invita a la reflexi\u00f3n sobre la autenticidad y la expresi\u00f3n personal. La ic\u00f3nica figura del rock alternativo nos ofrece una mirada fresca y sin complejos a su estilo, que, al igual que su m\u00fasica, celebra la individualidad por encima de las normas convencionales.<\/p>\n<p><strong>Un Estilo que Habla por s\u00ed Mismo<\/strong><\/p>\n<p>El guardarropa de esta artista se compone de piezas elegantes y a la vez sencillas, desde camisetas b\u00e1sicas hasta botas de combate robustas. Cada elemento se selecciona con cuidado, no solo por su est\u00e9tica, sino por la comodidad y la esencia que proyectan. El dise\u00f1o es un reflejo aut\u00e9ntico de su personalidad: accesible, sin pretensiones y lleno de car\u00e1cter. En sus elecciones no hay espacio para la ostentaci\u00f3n, sino para una declaraci\u00f3n clara de qui\u00e9n es realmente.<\/p>\n<p><strong>El Poder de la Rutina<\/strong><\/p>\n<p>La artista entiende que la verdadera moda reside en la rutina, en la forma en que cada prenda se convierte en parte de la vida cotidiana. Esta filosof\u00eda resuena en la forma en que combina su vestimenta, mostrando que el estilo no se encuentra solo en lo que se lleva, sino en c\u00f3mo se lleva. Esta relaci\u00f3n con la moda se convierte en un ritual, donde cada d\u00eda es una nueva oportunidad para expresarse a trav\u00e9s de la vestimenta.<\/p>\n<p><strong>Una Influencia Inspiradora<\/strong><\/p>\n<p>El impacto de su estilo tejidos con citas po\u00e9ticas y ritmos inconfundibles va m\u00e1s all\u00e1 del \u00e1mbito musical. Su enfoque en la autenticidad invita a otros a despojarse de las expectativas y volverse hacia lo que realmente les inspira. La moda, vista a trav\u00e9s de este lente, deja de ser un campo de batalla de tendencias ef\u00edmeras y se transforma en un espacio de autoexploraci\u00f3n y aceptaci\u00f3n.<\/p>\n<p><strong>La Intersection entre Arte y Moda<\/strong><\/p>\n<p>En este contexto, la moda se convierte en una forma de arte, donde cada elecci\u00f3n se carga de significado. Las prendas no son simplemente ropa, sino herramientas de comunicaci\u00f3n que narran historias sobre identidad, cultura y pertenencia. As\u00ed, el espectador no solo se queda maravillado ante el estilo, sino que se ve movido a explorar su propia narrativa personal.<\/p>\n<p><strong>Conclusiones que Incitan a la Reflexi\u00f3n<\/strong><\/p>\n<p>Las lecciones que se desprenden de esta aproximaci\u00f3n hacia la moda son invaluables. El estilo personal, basado en la autenticidad y la pr\u00e1ctica diaria, puede inspirar a otros a abrazar su individualidad sin miedo. La verdadera creatividad no se encuentra en replicar lo que est\u00e1 de moda, sino en construir un armario que hable por uno mismo.<\/p>\n<p>La moda, entonces, se convierte en un lienzo donde cada persona tiene la oportunidad de pintar su propia historia, haciendo de cada d\u00eda una pasarela \u00fanica. Estar a la vanguardia no implica seguir ciegamente las tendencias; implica ser fiel a uno mismo y permitir que cada elecci\u00f3n de vestuario revele las m\u00faltiples facetas de nuestra identidad.<\/p>\n<p><em> &#8221; Fuentes www.vogue.com &#8221; <\/em><\/p>\n","protected":false},"excerpt":{"rendered":"<p>La Moda como Reflejo del Autenticidad: Un Viaje a Trav\u00e9s de la Individualidad En el din\u00e1mico mundo de la moda, donde las tendencias cambian m\u00e1s r\u00e1pido que el pulso de una canci\u00f3n, surge una narrativa cautivadora que invita a la reflexi\u00f3n sobre la autenticidad y la expresi\u00f3n personal. La ic\u00f3nica figura del rock alternativo nos [&hellip;]<\/p>\n","protected":false},"author":14,"featured_media":1131729,"comment_status":"open","ping_status":"closed","sticky":false,"template":"","format":"standard","meta":{"om_disable_all_campaigns":false,"jnews-multi-image_gallery":[],"jnews_single_post":[],"jnews_primary_category":[],"jnews_social_meta":[],"footnotes":""},"categories":[144872],"tags":[203599,139961,273276,46125,20304,441,175156,273277,235242,217323,111204,100879,373],"class_list":["post-1131728","post","type-post","status-publish","format-standard","has-post-thumbnail","hentry","category-fashion","tag-artist","tag-authenticity","tag-courtney-barnett","tag-emotions","tag-indie-rock","tag-music","tag-personal-reflection","tag-sensitive-heart","tag-songwriting","tag-storytypeinterview","tag-textaboveleftsmall","tag-vulnerability","tag-web"],"_links":{"self":[{"href":"https:\/\/dimensionturistica.com\/es\/wp-json\/wp\/v2\/posts\/1131728","targetHints":{"allow":["GET"]}}],"collection":[{"href":"https:\/\/dimensionturistica.com\/es\/wp-json\/wp\/v2\/posts"}],"about":[{"href":"https:\/\/dimensionturistica.com\/es\/wp-json\/wp\/v2\/types\/post"}],"author":[{"embeddable":true,"href":"https:\/\/dimensionturistica.com\/es\/wp-json\/wp\/v2\/users\/14"}],"replies":[{"embeddable":true,"href":"https:\/\/dimensionturistica.com\/es\/wp-json\/wp\/v2\/comments?post=1131728"}],"version-history":[{"count":1,"href":"https:\/\/dimensionturistica.com\/es\/wp-json\/wp\/v2\/posts\/1131728\/revisions"}],"predecessor-version":[{"id":1131730,"href":"https:\/\/dimensionturistica.com\/es\/wp-json\/wp\/v2\/posts\/1131728\/revisions\/1131730"}],"wp:featuredmedia":[{"embeddable":true,"href":"https:\/\/dimensionturistica.com\/es\/wp-json\/wp\/v2\/media\/1131729"}],"wp:attachment":[{"href":"https:\/\/dimensionturistica.com\/es\/wp-json\/wp\/v2\/media?parent=1131728"}],"wp:term":[{"taxonomy":"category","embeddable":true,"href":"https:\/\/dimensionturistica.com\/es\/wp-json\/wp\/v2\/categories?post=1131728"},{"taxonomy":"post_tag","embeddable":true,"href":"https:\/\/dimensionturistica.com\/es\/wp-json\/wp\/v2\/tags?post=1131728"}],"curies":[{"name":"wp","href":"https:\/\/api.w.org\/{rel}","templated":true}]}}