{"id":1131722,"date":"2026-03-28T20:50:47","date_gmt":"2026-03-28T20:50:47","guid":{"rendered":"https:\/\/dimensionturistica.com\/es\/?p=1131722"},"modified":"2026-03-28T20:50:47","modified_gmt":"2026-03-28T20:50:47","slug":"como-organizarse-para-vivir-intensamente-la-semana-santa","status":"publish","type":"post","link":"https:\/\/dimensionturistica.com\/es\/como-organizarse-para-vivir-intensamente-la-semana-santa\/","title":{"rendered":"C\u00f3mo organizarse para vivir intensamente la Semana Santa"},"content":{"rendered":"<p><strong>Descubriendo la Semana Santa: Un Viaje entre Tradici\u00f3n y Espiritualidad<\/strong><\/p>\n<p>La Semana Santa es uno de los eventos m\u00e1s significativos y esperados en diversas ciudades del mundo, un tiempo en el que tradiciones ancestrales se entrelazan con la devoci\u00f3n y la cultura. Con la llegada de esta festividad, muchas localidades se convierten en epicentros de religiosidad y celebraci\u00f3n, ofreciendo una experiencia \u00fanica que atrae a visitantes de todos los rincones.<\/p>\n<p><strong>El Encanto de las Procesiones<\/strong><\/p>\n<p>Las procesiones son, sin duda, el alma de la Semana Santa. En ciudades como Sevilla, M\u00e1laga o Granada, cada paso que avanza refleja una historia profunda, una tradici\u00f3n navide\u00f1a que se ha perpetuado a lo largo de los siglos. Los nazarenos, ataviados con t\u00fanicas que cuentan leyendas pasadas, recorren las calles mientras las bandas de m\u00fasica llenan el aire con melod\u00edas que evocan solemnidad y respeto. La atm\u00f3sfera palpita con sentimientos de fervor y emoci\u00f3n, donde cada espectador vive la experiencia de forma \u00fanica.<\/p>\n<p><strong>Preparativos que Fascinan<\/strong><\/p>\n<p>La preparaci\u00f3n para esta festividad empieza semanas antes. Las cofrad\u00edas, encargadas de organizar las procesiones, se movilizan para que cada detalle sea perfecto. Desde la restauraci\u00f3n de los pasos \u2013esas im\u00e1genes religiosas llevadas en procesi\u00f3n\u2013 hasta la elaboraci\u00f3n de los trajes, que son aut\u00e9nticas obras de arte, cada elemento cuenta un relato que merece ser conocido. As\u00ed, el visitante tiene la oportunidad de sumergirse en este universo donde el arte, la fe y la cultura convergen.<\/p>\n<p><strong>Alojamientos con Encanto<\/strong><\/p>\n<p>Encontrar el lugar perfecto para descansar despu\u00e9s de un d\u00eda repleto de emociones es fundamental. Las opciones de alojamiento durante la Semana Santa son diversas. Desde hoteles boutique en el coraz\u00f3n de la ciudad hasta acogedoras casas rurales en los alrededores, cada opci\u00f3n ofrece una perspectiva distinta de esta festividad. Muchos establecimientos incluyen paquetes especiales que permiten a los hu\u00e9spedes vivir la experiencia completa: cenas t\u00edpicas, visitas guiadas a las cofrad\u00edas y, por supuesto, asientos privilegiados para disfrutar de las procesiones.<\/p>\n<p><strong>Gastronom\u00eda Tradicional: Un Banquete para el Alma<\/strong><\/p>\n<p>No se puede hablar de la Semana Santa sin mencionar su rica gastronom\u00eda. Platos t\u00edpicos que han sido transmitidos de generaci\u00f3n en generaci\u00f3n se convierten en protagonistas en las mesas durante esta \u00e9poca. Desde los deliciosos torrijas, que son perfectas para el desayuno, hasta el famoso bacalao o las elaboraciones con garbanzos, cada bocado es una celebraci\u00f3n de la historia y la cultura locales.<\/p>\n<p><strong>Consejos para Disfrutar de la Semana Santa<\/strong><\/p>\n<p>Para aquellos que deseen vivir esta experiencia al m\u00e1ximo, es esencial planificar con anticipaci\u00f3n. Reservar alojamientos y comprar entradas para actividades con tiempo evitar\u00e1 contratiempos y garantizar\u00e1 una experiencia m\u00e1s placentera. Adem\u00e1s, es recomendable informarse sobre los itinerarios de las procesiones, ya que algunas pueden cambiar debido a las condiciones clim\u00e1ticas. Finalmente, vestir de forma apropiada, teniendo en cuenta la solemnidad del evento, tambi\u00e9n es parte del respeto a la tradici\u00f3n.<\/p>\n<p><strong>Una Celebraci\u00f3n de Fe y Cultura<\/strong><\/p>\n<p>La Semana Santa es m\u00e1s que un momento del calendario; es una invitaci\u00f3n a explorar las ra\u00edces de una cultura rica en historia y en profundidad espiritual. Participar en esta festividad es sumergirse en un mar de sensaciones que despiertan el alma y enriquecen el esp\u00edritu. Viajar durante esta \u00e9poca no s\u00f3lo permite disfrutar de las procesiones y la gastronom\u00eda, sino que tambi\u00e9n ofrece una oportunidad invaluable para conectar con otros y con uno mismo, en un entorno donde la fe y la tradici\u00f3n se funden, creando recuerdos imborrables. <\/p>\n<p>As\u00ed que, si buscas una experiencia \u00fanica que te emocione y te ense\u00f1e, no dudes en incluir la Semana Santa en tu lista de destinos. La magia de estas celebraciones espera ser descubierta, ofreciendo un viaje que seguramente dejar\u00e1 huella en tu coraz\u00f3n.<\/p>\n<p><em> &#8221; Fuentes www.abc.es &#8221; <\/em><\/p>\n","protected":false},"excerpt":{"rendered":"<p>Descubriendo la Semana Santa: Un Viaje entre Tradici\u00f3n y Espiritualidad La Semana Santa es uno de los eventos m\u00e1s significativos y esperados en diversas ciudades del mundo, un tiempo en el que tradiciones ancestrales se entrelazan con la devoci\u00f3n y la cultura. Con la llegada de esta festividad, muchas localidades se convierten en epicentros de [&hellip;]<\/p>\n","protected":false},"author":4,"featured_media":1131723,"comment_status":"open","ping_status":"closed","sticky":false,"template":"","format":"standard","meta":{"om_disable_all_campaigns":false,"jnews-multi-image_gallery":[],"jnews_single_post":[],"jnews_primary_category":[],"jnews_social_meta":[],"footnotes":""},"categories":[39],"tags":[1105,2080,2448,662,7402,724,19825,8350,45006,215423,3813,2849,2946,3250,544,545],"class_list":["post-1131722","post","type-post","status-publish","format-standard","has-post-thumbnail","hentry","category-viajes","tag-actividades","tag-alojamientos","tag-celebracion","tag-cultura","tag-disfrutar","tag-eventos","tag-fe","tag-preparativos","tag-procesiones","tag-religiosidad","tag-santa","tag-semana","tag-semana-santa","tag-tradiciones","tag-turismo","tag-viajes"],"_links":{"self":[{"href":"https:\/\/dimensionturistica.com\/es\/wp-json\/wp\/v2\/posts\/1131722","targetHints":{"allow":["GET"]}}],"collection":[{"href":"https:\/\/dimensionturistica.com\/es\/wp-json\/wp\/v2\/posts"}],"about":[{"href":"https:\/\/dimensionturistica.com\/es\/wp-json\/wp\/v2\/types\/post"}],"author":[{"embeddable":true,"href":"https:\/\/dimensionturistica.com\/es\/wp-json\/wp\/v2\/users\/4"}],"replies":[{"embeddable":true,"href":"https:\/\/dimensionturistica.com\/es\/wp-json\/wp\/v2\/comments?post=1131722"}],"version-history":[{"count":1,"href":"https:\/\/dimensionturistica.com\/es\/wp-json\/wp\/v2\/posts\/1131722\/revisions"}],"predecessor-version":[{"id":1131724,"href":"https:\/\/dimensionturistica.com\/es\/wp-json\/wp\/v2\/posts\/1131722\/revisions\/1131724"}],"wp:featuredmedia":[{"embeddable":true,"href":"https:\/\/dimensionturistica.com\/es\/wp-json\/wp\/v2\/media\/1131723"}],"wp:attachment":[{"href":"https:\/\/dimensionturistica.com\/es\/wp-json\/wp\/v2\/media?parent=1131722"}],"wp:term":[{"taxonomy":"category","embeddable":true,"href":"https:\/\/dimensionturistica.com\/es\/wp-json\/wp\/v2\/categories?post=1131722"},{"taxonomy":"post_tag","embeddable":true,"href":"https:\/\/dimensionturistica.com\/es\/wp-json\/wp\/v2\/tags?post=1131722"}],"curies":[{"name":"wp","href":"https:\/\/api.w.org\/{rel}","templated":true}]}}