{"id":1131493,"date":"2026-03-28T08:11:32","date_gmt":"2026-03-28T08:11:32","guid":{"rendered":"https:\/\/dimensionturistica.com\/es\/?p=1131493"},"modified":"2026-03-28T08:11:32","modified_gmt":"2026-03-28T08:11:32","slug":"anya-taylor-joy-deslumbra-en-rosa-como-la-princesa-peach-con-una-falda-con-volantes-y-un-elegante-sombrero","status":"publish","type":"post","link":"https:\/\/dimensionturistica.com\/es\/anya-taylor-joy-deslumbra-en-rosa-como-la-princesa-peach-con-una-falda-con-volantes-y-un-elegante-sombrero\/","title":{"rendered":"Anya Taylor-Joy deslumbra en rosa como la princesa Peach con una falda con volantes y un elegante sombrero."},"content":{"rendered":"<h3>Anya Taylor-Joy y su Look Rosa que Rompe Esquemas en Jap\u00f3n<\/h3>\n<p>La ic\u00f3nica Anya Taylor-Joy ha vuelto a cautivar al mundo de la moda con su reciente aparici\u00f3n en Jap\u00f3n, luciendo un impresionante atuendo de la reconocida marca Jacquemus. Este momento, que ha encendido las redes sociales y los foros de moda, refleja no solo su estilo \u00fanico, sino que tambi\u00e9n subraya la creciente influencia de la industria del dise\u00f1o en lugares menos convencionales.<\/p>\n<p>Anya opt\u00f3 por un look en tonos rosas vibrantes que destac\u00f3 su figura y combinaci\u00f3n de texturas, capturando la esencia de la temporada con elegancia. El dise\u00f1o, caracterizado por l\u00edneas limpias y un corte sofisticado, se ha convertido en un tema de conversaci\u00f3n en la comunidad de la moda. El color, un s\u00edmbolo de frescura y optimismo, se ha posicionado como un favorito de la temporada, mostrando que lo audaz puede ser tambi\u00e9n chic.<\/p>\n<p>El contexto japon\u00e9s a\u00f1ade un matiz especial a la elecci\u00f3n de su atuendo. Jap\u00f3n, conocido por su rica tradici\u00f3n de moda y vanguardia, ofreci\u00f3 un tel\u00f3n de fondo perfecto para este despliegue de estilo. Las calles, donde el minimalismo se encuentra con la innovaci\u00f3n, sirvieron como escenario ideal para que Anya mostrara no solo sus gustos personales, sino tambi\u00e9n su capacidad para fusionar diferentes culturas a trav\u00e9s de la moda.<\/p>\n<p>No es la primera vez que la actriz brit\u00e1nica se posiciona en el centro de atenci\u00f3n con sus elecciones estil\u00edsticas. Cada aparici\u00f3n p\u00fablica se convierte en un evento que no solo promueve las tendencias, sino que tambi\u00e9n invita a la reflexi\u00f3n sobre c\u00f3mo la moda puede ser una forma de expresi\u00f3n personal y cultural. Al elegir Jacquemus, Anya resalta el talento de dise\u00f1adores emergentes y establece un puente entre la haute couture y el p\u00fablico general.<\/p>\n<p>La combinaci\u00f3n de su look, el entorno y la narrativa que lo acompa\u00f1a ha generado miles de interacciones en redes sociales, convirtiendo su elecci\u00f3n de vestuario en un fen\u00f3meno viral. Las fotograf\u00edas de su atuendo han dado la vuelta al mundo, desde las plataformas digitales de amantes de la moda hasta las pasarelas de influencers.<\/p>\n<p>La moda tiene la capacidad de contar historias, y el reciente atr\u00e9vete de Anya Taylor-Joy en Jap\u00f3n es solo un ejemplo m\u00e1s de c\u00f3mo las celebridades utilizan su plataforma para influir en tendencias y crear di\u00e1logos sobre lo que significa vestirse en el contexto actual. Con cada elecci\u00f3n estil\u00edstica, la actriz no solo marca su diferencia, sino que tambi\u00e9n inspira a otros a experimentar con la moda de una manera fresca y audaz.<\/p>\n<p>Sin duda, Anya Taylor-Joy contin\u00faa desafiando las convenciones con cada aparici\u00f3n, y su look rosa de Jacquemus es un testimonio de la creatividad sin l\u00edmites que caracteriza a la moda contempor\u00e1nea.<\/p>\n<p><em> &#8221; Fuentes www.vogue.mx &#8221; <\/em><\/p>\n","protected":false},"excerpt":{"rendered":"<p>Anya Taylor-Joy y su Look Rosa que Rompe Esquemas en Jap\u00f3n La ic\u00f3nica Anya Taylor-Joy ha vuelto a cautivar al mundo de la moda con su reciente aparici\u00f3n en Jap\u00f3n, luciendo un impresionante atuendo de la reconocida marca Jacquemus. Este momento, que ha encendido las redes sociales y los foros de moda, refleja no solo [&hellip;]<\/p>\n","protected":false},"author":14,"featured_media":1131494,"comment_status":"open","ping_status":"closed","sticky":false,"template":"","format":"standard","meta":{"om_disable_all_campaigns":false,"jnews-multi-image_gallery":[],"jnews_single_post":[],"jnews_primary_category":[],"jnews_social_meta":[],"footnotes":""},"categories":[144872],"tags":[76132,6446,84611,200839,7758,227758,78556,25059,659,273231,231733,2182],"class_list":["post-1131493","post","type-post","status-publish","format-standard","has-post-thumbnail","hentry","category-fashion","tag-anya-taylor-joy","tag-celebridades","tag-color-rosa","tag-colores-de-moda","tag-estilo","tag-falda-de-volantes","tag-jacquemus","tag-look","tag-moda","tag-princesa-peach","tag-sombrero","tag-tendencias"],"_links":{"self":[{"href":"https:\/\/dimensionturistica.com\/es\/wp-json\/wp\/v2\/posts\/1131493","targetHints":{"allow":["GET"]}}],"collection":[{"href":"https:\/\/dimensionturistica.com\/es\/wp-json\/wp\/v2\/posts"}],"about":[{"href":"https:\/\/dimensionturistica.com\/es\/wp-json\/wp\/v2\/types\/post"}],"author":[{"embeddable":true,"href":"https:\/\/dimensionturistica.com\/es\/wp-json\/wp\/v2\/users\/14"}],"replies":[{"embeddable":true,"href":"https:\/\/dimensionturistica.com\/es\/wp-json\/wp\/v2\/comments?post=1131493"}],"version-history":[{"count":1,"href":"https:\/\/dimensionturistica.com\/es\/wp-json\/wp\/v2\/posts\/1131493\/revisions"}],"predecessor-version":[{"id":1131495,"href":"https:\/\/dimensionturistica.com\/es\/wp-json\/wp\/v2\/posts\/1131493\/revisions\/1131495"}],"wp:featuredmedia":[{"embeddable":true,"href":"https:\/\/dimensionturistica.com\/es\/wp-json\/wp\/v2\/media\/1131494"}],"wp:attachment":[{"href":"https:\/\/dimensionturistica.com\/es\/wp-json\/wp\/v2\/media?parent=1131493"}],"wp:term":[{"taxonomy":"category","embeddable":true,"href":"https:\/\/dimensionturistica.com\/es\/wp-json\/wp\/v2\/categories?post=1131493"},{"taxonomy":"post_tag","embeddable":true,"href":"https:\/\/dimensionturistica.com\/es\/wp-json\/wp\/v2\/tags?post=1131493"}],"curies":[{"name":"wp","href":"https:\/\/api.w.org\/{rel}","templated":true}]}}