{"id":1130908,"date":"2026-03-27T00:34:43","date_gmt":"2026-03-27T00:34:43","guid":{"rendered":"https:\/\/dimensionturistica.com\/es\/?p=1130908"},"modified":"2026-03-27T00:34:43","modified_gmt":"2026-03-27T00:34:43","slug":"arajet-y-amadeus-establecen-un-pacto-estrategico-de-distribucion-para-fomentar-el-crecimiento-en-america","status":"publish","type":"post","link":"https:\/\/dimensionturistica.com\/es\/arajet-y-amadeus-establecen-un-pacto-estrategico-de-distribucion-para-fomentar-el-crecimiento-en-america\/","title":{"rendered":"Arajet y Amadeus establecen un pacto estrat\u00e9gico de distribuci\u00f3n para fomentar el crecimiento en Am\u00e9rica."},"content":{"rendered":"<h3>Aerol\u00edneas en Ascenso: El Futuro de la Conectividad en Am\u00e9rica<\/h3>\n<p>El sector tur\u00edstico se encuentra en constante evoluci\u00f3n, y uno de los actores m\u00e1s recientes en esta transformaci\u00f3n es Arajet, una aerol\u00ednea que ha comenzado a dejar su huella en el mercado con un enfoque innovador y estrat\u00e9gico. Recientemente, Arajet ha sellado un acuerdo de distribuci\u00f3n con Amadeus, una de las plataformas de tecnolog\u00eda m\u00e1s reconocidas en la industria del transporte a\u00e9reo. Este compromiso promete no solo un aumento en la conectividad en el continente americano, sino tambi\u00e9n la posibilidad de que nuevos destinos se conviertan en opciones atractivas para los viajeros.<\/p>\n<h4>La Alianza Estrat\u00e9gica<\/h4>\n<p>La colaboraci\u00f3n entre Arajet y Amadeus tiene como objetivo principal optimizar la disponibilidad y la accesibilidad de los vuelos ofrecidos por la aerol\u00ednea. Con una interfaz moderna y amigable, la plataforma de Amadeus facilitar\u00e1 que los agentes de viajes y consumidores encuentren y reserven vuelos de manera m\u00e1s eficiente. Este tipo de integraci\u00f3n tecnol\u00f3gica es esencial en un mundo cada vez m\u00e1s conectado, donde los clientes buscan experiencias de viaje que sean tanto r\u00e1pidas como personalizadas.<\/p>\n<h4>Un Impulso para el Turismo<\/h4>\n<p>El crecimiento de Arajet representa una oportunidad dorada para atraer a m\u00e1s turistas hacia destinos que han sido subestimados hasta ahora. La aerol\u00ednea est\u00e1 dise\u00f1ada para abrir rutas que conecten el Caribe con diversas ciudades de Am\u00e9rica Latina y, a su vez, proporcionar a los visitantes una experiencia de vuelo c\u00f3moda y accesible. Imagina explorar las maravillas de la Rep\u00fablica Dominicana o disfrutar de sus playas id\u00edlicas, sabiendo que hay opciones de vuelos que te acercan a\u00fan m\u00e1s.<\/p>\n<h4>Las Implicaciones para el Viajero<\/h4>\n<p>Para los viajeros, esta alianza significa no s\u00f3lo m\u00e1s opciones de vuelos, sino tambi\u00e9n la promesa de paquetes de viaje que permitir\u00e1n planificar vacaciones de manera m\u00e1s f\u00e1cil y conveniente. Combinar vuelos, alojamiento y actividades ser\u00e1 ahora un proceso m\u00e1s fluido. Arajet, al adoptar esta tecnolog\u00eda, se posiciona como un competidor serio frente a otras aerol\u00edneas en la regi\u00f3n.<\/p>\n<h4>Conclusi\u00f3n<\/h4>\n<p>Al mirar hacia el futuro del turismo en Am\u00e9rica, es evidente que las alianzas entre aerol\u00edneas y plataformas tecnol\u00f3gicas jugar\u00e1n un papel crucial en la manera en que los viajeros planifican y disfrutan de sus aventuras. Arajet y Amadeus est\u00e1n a la vanguardia de esta revoluci\u00f3n, y se espera que esta colaboraci\u00f3n no solo impulse el crecimiento de Arajet, sino que tambi\u00e9n enriquezca el panorama tur\u00edstico en su conjunto. As\u00ed que, si est\u00e1s pensando en tu pr\u00f3ximo destino, mantente atento a lo que Arajet tiene para ofrecer. \u00a1Las oportunidades para descubrir nuevos lugares est\u00e1n m\u00e1s cerca que nunca!<\/p>\n<p><em> &#8221; Sources newsinamerica.com &#8221; <\/em><\/p>\n","protected":false},"excerpt":{"rendered":"<p>Aerol\u00edneas en Ascenso: El Futuro de la Conectividad en Am\u00e9rica El sector tur\u00edstico se encuentra en constante evoluci\u00f3n, y uno de los actores m\u00e1s recientes en esta transformaci\u00f3n es Arajet, una aerol\u00ednea que ha comenzado a dejar su huella en el mercado con un enfoque innovador y estrat\u00e9gico. Recientemente, Arajet ha sellado un acuerdo de [&hellip;]<\/p>\n","protected":false},"author":4,"featured_media":1130909,"comment_status":"open","ping_status":"closed","sticky":false,"template":"","format":"standard","meta":{"om_disable_all_campaigns":false,"jnews-multi-image_gallery":[],"jnews_single_post":[],"jnews_primary_category":[],"jnews_social_meta":[],"footnotes":""},"categories":[40],"tags":[223728,3215,764,51193,1654,7315,572,725,653,544],"class_list":["post-1130908","post","type-post","status-publish","format-standard","has-post-thumbnail","hentry","category-industria","tag-acuerdo-estrategico","tag-amadeus","tag-america","tag-arajet","tag-aviacion","tag-crecimiento","tag-distribucion","tag-tecnologia","tag-transporte","tag-turismo"],"_links":{"self":[{"href":"https:\/\/dimensionturistica.com\/es\/wp-json\/wp\/v2\/posts\/1130908","targetHints":{"allow":["GET"]}}],"collection":[{"href":"https:\/\/dimensionturistica.com\/es\/wp-json\/wp\/v2\/posts"}],"about":[{"href":"https:\/\/dimensionturistica.com\/es\/wp-json\/wp\/v2\/types\/post"}],"author":[{"embeddable":true,"href":"https:\/\/dimensionturistica.com\/es\/wp-json\/wp\/v2\/users\/4"}],"replies":[{"embeddable":true,"href":"https:\/\/dimensionturistica.com\/es\/wp-json\/wp\/v2\/comments?post=1130908"}],"version-history":[{"count":1,"href":"https:\/\/dimensionturistica.com\/es\/wp-json\/wp\/v2\/posts\/1130908\/revisions"}],"predecessor-version":[{"id":1130910,"href":"https:\/\/dimensionturistica.com\/es\/wp-json\/wp\/v2\/posts\/1130908\/revisions\/1130910"}],"wp:featuredmedia":[{"embeddable":true,"href":"https:\/\/dimensionturistica.com\/es\/wp-json\/wp\/v2\/media\/1130909"}],"wp:attachment":[{"href":"https:\/\/dimensionturistica.com\/es\/wp-json\/wp\/v2\/media?parent=1130908"}],"wp:term":[{"taxonomy":"category","embeddable":true,"href":"https:\/\/dimensionturistica.com\/es\/wp-json\/wp\/v2\/categories?post=1130908"},{"taxonomy":"post_tag","embeddable":true,"href":"https:\/\/dimensionturistica.com\/es\/wp-json\/wp\/v2\/tags?post=1130908"}],"curies":[{"name":"wp","href":"https:\/\/api.w.org\/{rel}","templated":true}]}}