{"id":1130871,"date":"2026-03-26T23:05:08","date_gmt":"2026-03-26T23:05:08","guid":{"rendered":"https:\/\/dimensionturistica.com\/es\/?p=1130871"},"modified":"2026-03-26T23:05:08","modified_gmt":"2026-03-26T23:05:08","slug":"el-viaje-de-adorni-a-punta-del-este-el-agente-que-gestiono-el-regreso-afirmo-que-marcelo-grandio-cubrio-el-costo","status":"publish","type":"post","link":"https:\/\/dimensionturistica.com\/es\/el-viaje-de-adorni-a-punta-del-este-el-agente-que-gestiono-el-regreso-afirmo-que-marcelo-grandio-cubrio-el-costo\/","title":{"rendered":"El viaje de Adorni a Punta del Este: el agente que gestion\u00f3 el regreso afirm\u00f3 que Marcelo Grand\u00edo cubri\u00f3 el costo."},"content":{"rendered":"<h3>Viajes que Marcan la Diferencia: Una Ventana a Punta del Este<\/h3>\n<p>Punta del Este, ese emblem\u00e1tico destino uruguayo, es mucho m\u00e1s que playas y festivales; es un punto de encuentro de historias que trascienden lo trivial. En el coraz\u00f3n de este lugar de ensue\u00f1o, surgen narrativas que revelan la complejidad del mundo en el que vivimos, donde los viajes y las decisiones pueden entrelazarse de maneras inesperadas.<\/p>\n<p>Recientemente, un suceso particular ha capturado la atenci\u00f3n de los medios: el vuelo de un prominente personaje, Adorni, hacia Punta del Este, escenario de un evento que podr\u00eda marcar un antes y un despu\u00e9s en su vida. Esta situaci\u00f3n ha llevado a un brote de inter\u00e9s sobre c\u00f3mo los destinos tur\u00edsticos pueden convertirse en telones de fondo de tramas m\u00e1s profundas. <\/p>\n<p>Los turistas, cada vez m\u00e1s, buscan no solo relajarse, sino tambi\u00e9n entender la historia detr\u00e1s de los lugares que visitan. Punta del Este, con su mezcla de glamour y autenticidad, se presenta como el lugar ideal para vivir experiencias memorables. La historia de un simple pasaje de avi\u00f3n se transforma en un viaje que va m\u00e1s all\u00e1 del ocio, llevando consigo un mensaje de introspecci\u00f3n sobre las decisiones que tomamos.<\/p>\n<p>Este destino de la costa uruguaya es conocido por su vibrante vida social, pero detr\u00e1s de la fachada de la jet set se revelan historias de transformaci\u00f3n y descubrimiento. La paz de sus playas se contrasta con el ajetreo de un mundo en constante cambio; es un microcosmos donde cada visitante puede sentirse protagonista de su propia novela.<\/p>\n<p>Durante la temporada alta, Punta del Este se convierte en un crisol de culturas, donde turistas de todas partes del mundo comparten an\u00e9cdotas y crean conexiones. Un caf\u00e9 en la Rambla se convierte en el lugar de encuentro para muchos, donde historias como la del vuelo hacia la ciudad balnearia se convierten en leyendas urbanas contempor\u00e1neas.<\/p>\n<p>La m\u00edstica de Punta del Este radica tambi\u00e9n en su capacidad de adaptarse y ser un espejo de las corrientes sociales. \u00bfQui\u00e9n no ha so\u00f1ado con perderse en sus atardeceres dorados, mientras reflexiona sobre las decisiones que han marcado su vida? Cada rinc\u00f3n ofrece un espacio propicio para el esparcimiento, pero tambi\u00e9n para la introspecci\u00f3n.<\/p>\n<p>As\u00ed que, si te decides a visitar Punta del Este, no solo busques las playas y la diversi\u00f3n. Perm\u00edtete experimentar el halo de historias que este lugar tiene para ofrecer. Cada vuelo que aterriza en su aer\u00f3dromo trae consigo no solo turistas ansiosos por relajarse, sino tambi\u00e9n cr\u00f3nicas por descubrir. Desde el viajero solitario hasta el grupo de amigos que busca nuevas aventuras, todos tienen un papel que desempe\u00f1ar en esta traves\u00eda.<\/p>\n<p>Punta del Este es, en esencia, un lugar donde los relatos se entrelazan. As\u00ed como la historia de Adorni, cada visita puede ser una oportunidad para convertirse en parte de algo m\u00e1s grande. Este destino nos recuerda que, aunque a veces los viajes pueden estar llenos de sorpresas, lo realmente importante es disfrutar cada momento, y quiz\u00e1s, aprender algo valioso en el camino.<\/p>\n<p><em> &#8221; Fuentes www.infobae.com &#8221; <\/em><\/p>\n","protected":false},"excerpt":{"rendered":"<p>Viajes que Marcan la Diferencia: Una Ventana a Punta del Este Punta del Este, ese emblem\u00e1tico destino uruguayo, es mucho m\u00e1s que playas y festivales; es un punto de encuentro de historias que trascienden lo trivial. En el coraz\u00f3n de este lugar de ensue\u00f1o, surgen narrativas que revelan la complejidad del mundo en el que [&hellip;]<\/p>\n","protected":false},"author":4,"featured_media":1130872,"comment_status":"open","ping_status":"closed","sticky":false,"template":"","format":"standard","meta":{"om_disable_all_campaigns":false,"jnews-multi-image_gallery":[],"jnews_single_post":[],"jnews_primary_category":[],"jnews_social_meta":[],"footnotes":""},"categories":[39],"tags":[273020,104711,1918,273021,1932,135038,273023,705,273022,2437,2144,681],"class_list":["post-1130871","post","type-post","status-publish","format-standard","has-post-thumbnail","hentry","category-viajes","tag-agustin-issin","tag-broker","tag-declaracion","tag-el-vuelo-de-adorni","tag-finanzas","tag-manuel-adorni","tag-marcelo-grandio","tag-noticias","tag-pasaje-de-vuelta","tag-punta-del-este","tag-ultimas-noticias","tag-viaje"],"_links":{"self":[{"href":"https:\/\/dimensionturistica.com\/es\/wp-json\/wp\/v2\/posts\/1130871","targetHints":{"allow":["GET"]}}],"collection":[{"href":"https:\/\/dimensionturistica.com\/es\/wp-json\/wp\/v2\/posts"}],"about":[{"href":"https:\/\/dimensionturistica.com\/es\/wp-json\/wp\/v2\/types\/post"}],"author":[{"embeddable":true,"href":"https:\/\/dimensionturistica.com\/es\/wp-json\/wp\/v2\/users\/4"}],"replies":[{"embeddable":true,"href":"https:\/\/dimensionturistica.com\/es\/wp-json\/wp\/v2\/comments?post=1130871"}],"version-history":[{"count":1,"href":"https:\/\/dimensionturistica.com\/es\/wp-json\/wp\/v2\/posts\/1130871\/revisions"}],"predecessor-version":[{"id":1130873,"href":"https:\/\/dimensionturistica.com\/es\/wp-json\/wp\/v2\/posts\/1130871\/revisions\/1130873"}],"wp:featuredmedia":[{"embeddable":true,"href":"https:\/\/dimensionturistica.com\/es\/wp-json\/wp\/v2\/media\/1130872"}],"wp:attachment":[{"href":"https:\/\/dimensionturistica.com\/es\/wp-json\/wp\/v2\/media?parent=1130871"}],"wp:term":[{"taxonomy":"category","embeddable":true,"href":"https:\/\/dimensionturistica.com\/es\/wp-json\/wp\/v2\/categories?post=1130871"},{"taxonomy":"post_tag","embeddable":true,"href":"https:\/\/dimensionturistica.com\/es\/wp-json\/wp\/v2\/tags?post=1130871"}],"curies":[{"name":"wp","href":"https:\/\/api.w.org\/{rel}","templated":true}]}}