{"id":1130530,"date":"2026-03-26T09:49:49","date_gmt":"2026-03-26T09:49:49","guid":{"rendered":"https:\/\/dimensionturistica.com\/es\/?p=1130530"},"modified":"2026-03-26T09:49:49","modified_gmt":"2026-03-26T09:49:49","slug":"las-agencias-asumen-las-consecuencias-de-la-crisis-en-oriente-medio","status":"publish","type":"post","link":"https:\/\/dimensionturistica.com\/es\/las-agencias-asumen-las-consecuencias-de-la-crisis-en-oriente-medio\/","title":{"rendered":"Las agencias asumen las consecuencias de la crisis en Oriente Medio."},"content":{"rendered":"<h3>Desaf\u00edos del Turismo en Semana Santa: Un Caos Inesperado<\/h3>\n<p>La Semana Santa, una de las \u00e9pocas m\u00e1s esperadas para los viajeros, promet\u00eda ser un momento de pasiones y celebraciones. Sin embargo, este a\u00f1o se ha transformado en un aut\u00e9ntico desaf\u00edo tanto para las agencias de viajes como para los turistas. Las cancelaciones masivas y los contratiempos inesperados han puesto a prueba la resiliencia del sector tur\u00edstico.<\/p>\n<p>Las agencias de viajes, que hab\u00edan puesto todas sus esperanzas en un resurgimiento tras los estragos de la pandemia, se han visto en la dif\u00edcil situaci\u00f3n de afrontar una oleada de cancelaciones debido a la inestabilidad pol\u00edtica en diferentes regiones. Los destinos favoritos para muchos, que antes parec\u00edan seguros y prometedores, han sido sacudidos por crisis en Oriente Medio, lo que ha llevado a muchos a reconsiderar sus planes.<\/p>\n<p>Este caos ha dejado claro que la planificaci\u00f3n previa es m\u00e1s crucial que nunca. Las agencias han tenido que adaptarse r\u00e1pidamente, buscando soluciones alternas y ofreciendo asistencia a los viajeros que, en muchos casos, no sab\u00edan c\u00f3mo proceder ante la incertidumbre. La presi\u00f3n sobre el sector es palpable, ya que muchos operadores se enfrentan a grandes p\u00e9rdidas econ\u00f3micas sin precedentes.<\/p>\n<p>No obstante, el turismo no solo se enfrenta a desaf\u00edos, sino que tambi\u00e9n presenta una oportunidad de adaptaci\u00f3n. Ante la situaci\u00f3n, muchos viajeros han comenzado a buscar alternativas locales y menos convencionales, redescubriendo rincones de su propio pa\u00eds que podr\u00edan haber pasado desapercibidos. Este fen\u00f3meno del &#8220;turismo interno&#8221; est\u00e1 fomentando el apoyo a la econom\u00eda local y promoviendo iniciativas sostenibles que benefician tanto a los turistas como a los anfitriones.<\/p>\n<p>Adem\u00e1s, el inter\u00e9s por viajar hacia destinos que priorizan la seguridad y el bienestar ha llevado a un auge en las reservas de viajes a lugares considerados m\u00e1s seguros. Las agencias est\u00e1n implementando protocolos de seguridad m\u00e1s estrictos y ofreciendo seguros m\u00e1s completos para brindar confianza y tranquilidad a los viajeros.<\/p>\n<p>Mientras tanto, la comunidad tur\u00edstica se ha unido en un esfuerzo por ofrecer soluciones y flexibilizar las condiciones de reserva. Cancelaciones sin penalizaci\u00f3n, reembolsos r\u00e1pidos y atenci\u00f3n personalizada se han convertido en las palabras clave para recuperar la confianza de los consumidores.<\/p>\n<p>La Semana Santa de este a\u00f1o es un recordatorio de que el turismo es un sector din\u00e1mico, capaz de adaptarse a las circunstancias cambiantes. Aunque la situaci\u00f3n actual es complicada, tambi\u00e9n abre las puertas a nuevas oportunidades y un renovado enfoque hacia lo local. A medida que la temporada avanza, es esencial mantener la esperanza y la flexibilidad, recordando que cada desaf\u00edo puede dar pie a una nueva aventura. <\/p>\n<p>En este contexto, la industria del turismo no solo resistir\u00e1 el embate de las dificultades, sino que saldr\u00e1 reforzada, record\u00e1ndonos que los viajes son m\u00e1s que simples escapadas; son experiencias vitales que nos conectan con el mundo que nos rodea.<\/p>\n<p><em> &#8221; Sources www.larazon.es &#8221; <\/em><\/p>\n","protected":false},"excerpt":{"rendered":"<p>Desaf\u00edos del Turismo en Semana Santa: Un Caos Inesperado La Semana Santa, una de las \u00e9pocas m\u00e1s esperadas para los viajeros, promet\u00eda ser un momento de pasiones y celebraciones. Sin embargo, este a\u00f1o se ha transformado en un aut\u00e9ntico desaf\u00edo tanto para las agencias de viajes como para los turistas. Las cancelaciones masivas y los [&hellip;]<\/p>\n","protected":false},"author":4,"featured_media":1130531,"comment_status":"open","ping_status":"closed","sticky":false,"template":"","format":"standard","meta":{"om_disable_all_campaigns":false,"jnews-multi-image_gallery":[],"jnews_single_post":[],"jnews_primary_category":[],"jnews_social_meta":[],"footnotes":""},"categories":[40],"tags":[1161,51130,1552,715,175338,11439,5725,27379],"class_list":["post-1130530","post","type-post","status-publish","format-standard","has-post-thumbnail","hentry","category-industria","tag-agencias","tag-conflictos","tag-crisis","tag-economia","tag-impacto-social","tag-medios-de-comunicacion","tag-oriente-medio","tag-politica-internacional"],"_links":{"self":[{"href":"https:\/\/dimensionturistica.com\/es\/wp-json\/wp\/v2\/posts\/1130530","targetHints":{"allow":["GET"]}}],"collection":[{"href":"https:\/\/dimensionturistica.com\/es\/wp-json\/wp\/v2\/posts"}],"about":[{"href":"https:\/\/dimensionturistica.com\/es\/wp-json\/wp\/v2\/types\/post"}],"author":[{"embeddable":true,"href":"https:\/\/dimensionturistica.com\/es\/wp-json\/wp\/v2\/users\/4"}],"replies":[{"embeddable":true,"href":"https:\/\/dimensionturistica.com\/es\/wp-json\/wp\/v2\/comments?post=1130530"}],"version-history":[{"count":1,"href":"https:\/\/dimensionturistica.com\/es\/wp-json\/wp\/v2\/posts\/1130530\/revisions"}],"predecessor-version":[{"id":1130532,"href":"https:\/\/dimensionturistica.com\/es\/wp-json\/wp\/v2\/posts\/1130530\/revisions\/1130532"}],"wp:featuredmedia":[{"embeddable":true,"href":"https:\/\/dimensionturistica.com\/es\/wp-json\/wp\/v2\/media\/1130531"}],"wp:attachment":[{"href":"https:\/\/dimensionturistica.com\/es\/wp-json\/wp\/v2\/media?parent=1130530"}],"wp:term":[{"taxonomy":"category","embeddable":true,"href":"https:\/\/dimensionturistica.com\/es\/wp-json\/wp\/v2\/categories?post=1130530"},{"taxonomy":"post_tag","embeddable":true,"href":"https:\/\/dimensionturistica.com\/es\/wp-json\/wp\/v2\/tags?post=1130530"}],"curies":[{"name":"wp","href":"https:\/\/api.w.org\/{rel}","templated":true}]}}