{"id":1130174,"date":"2026-03-25T19:11:49","date_gmt":"2026-03-25T19:11:49","guid":{"rendered":"https:\/\/dimensionturistica.com\/es\/?p=1130174"},"modified":"2026-03-25T19:11:49","modified_gmt":"2026-03-25T19:11:49","slug":"fiesta-de-cumpleanos-fallida-de-la-disenadora-ellie-misner-para-lanzar-su-ultima-coleccion","status":"publish","type":"post","link":"https:\/\/dimensionturistica.com\/es\/fiesta-de-cumpleanos-fallida-de-la-disenadora-ellie-misner-para-lanzar-su-ultima-coleccion\/","title":{"rendered":"Fiesta de Cumplea\u00f1os Fallida de la Dise\u00f1adora Ellie Misner para Lanzar Su \u00daltima Colecci\u00f3n"},"content":{"rendered":"<h3>Innovaci\u00f3n y Elegancia: La Colecci\u00f3n Oto\u00f1o-Invierno 2026<\/h3>\n<p>La \u00faltima colecci\u00f3n de Ellie Misner ha capturado la esencia de la sofisticaci\u00f3n con un toque contempor\u00e1neo, presentando un desfile que combina elementos de la alta costura con la cotidianidad de una cena elegante. Con un enfoque claro en la funcionalidad y el estilo, Misner ha creado prendas que no solo buscan deslumbrar, sino que tambi\u00e9n prometen ser vers\u00e1tiles en el guardarropa de la mujer moderna.<\/p>\n<h4>Un Viaje Visual<\/h4>\n<p>La pasarela se transform\u00f3 en un escenario \u00edntimo, evocando la atm\u00f3sfera acogedora de una cena exclusiva. La escenograf\u00eda, cuidadosamente dise\u00f1ada, estableci\u00f3 el tono de lo que se pod\u00eda esperar de esta colecci\u00f3n: un enfoque \u00edntimo y personal que conecta con el espectador a un nivel m\u00e1s profundo. Las luces tenues y los arreglos florales a\u00f1adieron un aire de elegancia que acompa\u00f1\u00f3 a cada pieza presentada.<\/p>\n<h4>Texturas Que Enamoran<\/h4>\n<p>Uno de los aspectos m\u00e1s destacados de la colecci\u00f3n son los juegos de texturas que Misner maneja con maestr\u00eda. Desde lujosos terciopelos hasta delicadas sedas, cada tela seleccionada cuenta una historia propia. Las capas se combinan de manera arm\u00f3nica, creando siluetas que acent\u00faan la figura mientras mantienen un aire de confort. Esta dualidad entre la elegancia y la comodidad se traduce en prendas ideales para diversas ocasiones.<\/p>\n<h4>Paleta de Colores<\/h4>\n<p>En cuanto a la paleta crom\u00e1tica, la colecci\u00f3n apuesta por tonos ricos y profundos como el burdeos, el esmeralda y el azul marino, perfectamente complementados por bases neutras. Esta elecci\u00f3n no solo refleja la temporada, sino que tambi\u00e9n abre un amplio espectro de opciones para mezclar y combinar, permitiendo que cada mujer exprese su estilo \u00fanico.<\/p>\n<h4>Detalles que Importan<\/h4>\n<p>Las confecciones fueron meticulosamente elaboradas, con atenci\u00f3n a los detalles que marcan la diferencia. Bordados sutiles, botones personalizados y terminaciones impecables son caracter\u00edsticas que elevan cada prenda a un nivel superior. Estos elementos no son meras decoraciones; se integran a la narrativa de cada look, transformando lo ordinario en extraordinario.<\/p>\n<h4>Inspiraci\u00f3n en la Cotidianidad<\/h4>\n<p>Misner ha sabido captar la esencia de momentos cotidianos que, aunque simples, pueden hacerse memorables con la elecci\u00f3n adecuada de vestuario. Las piezas est\u00e1n dise\u00f1adas para ser llevadas no solo en eventos glamorosos, sino tambi\u00e9n en las interacciones diarias, proponiendo una nueva forma de ver la moda: como un medio para celebrar la vida y sus peque\u00f1os momentos.<\/p>\n<h4>Un Llamado a la Autoexpresi\u00f3n<\/h4>\n<p>A trav\u00e9s de su \u00faltima propuesta, Ellie Misner invita a las mujeres a abrazar su identidad y a encontrar su propia voz dentro del mundo de la moda. Este enfoque no solo empodera a las usuarias de sus creaciones, sino que tambi\u00e9n abre un di\u00e1logo sobre la importancia de la autoexpresi\u00f3n en un mundo constantemente cambiante.<\/p>\n<p>En resumen, la colecci\u00f3n de Oto\u00f1o-Invierno 2026 de Ellie Misner no solo marca una tendencia, sino que tambi\u00e9n redefine lo que significa vestirse con prop\u00f3sito y elegancia. Cada prenda es una celebraci\u00f3n de la individualidad y del arte de vivir con estilo, invitando a las mujeres a llevar consigo un pedazo de esta innovadora visi\u00f3n en cada paso del camino.<\/p>\n<p><em> &#8221; Fuentes www.vogue.com &#8221; <\/em><\/p>\n","protected":false},"excerpt":{"rendered":"<p>Innovaci\u00f3n y Elegancia: La Colecci\u00f3n Oto\u00f1o-Invierno 2026 La \u00faltima colecci\u00f3n de Ellie Misner ha capturado la esencia de la sofisticaci\u00f3n con un toque contempor\u00e1neo, presentando un desfile que combina elementos de la alta costura con la cotidianidad de una cena elegante. Con un enfoque claro en la funcionalidad y el estilo, Misner ha creado prendas [&hellip;]<\/p>\n","protected":false},"author":14,"featured_media":1130175,"comment_status":"open","ping_status":"closed","sticky":false,"template":"","format":"standard","meta":{"om_disable_all_campaigns":false,"jnews-multi-image_gallery":[],"jnews_single_post":[],"jnews_primary_category":[],"jnews_social_meta":[],"footnotes":""},"categories":[144872],"tags":[159621,69359,98945,29821,89166,272832,272833,202046,127523,142075,217471,373],"class_list":["post-1130174","post","type-post","status-publish","format-standard","has-post-thumbnail","hentry","category-fashion","tag-birthday-party","tag-celebration","tag-creativity","tag-design","tag-designer","tag-ellie-misner","tag-event-mishap","tag-fashion-collection","tag-fashion-industry","tag-party-planning","tag-storytypereporting","tag-web"],"_links":{"self":[{"href":"https:\/\/dimensionturistica.com\/es\/wp-json\/wp\/v2\/posts\/1130174","targetHints":{"allow":["GET"]}}],"collection":[{"href":"https:\/\/dimensionturistica.com\/es\/wp-json\/wp\/v2\/posts"}],"about":[{"href":"https:\/\/dimensionturistica.com\/es\/wp-json\/wp\/v2\/types\/post"}],"author":[{"embeddable":true,"href":"https:\/\/dimensionturistica.com\/es\/wp-json\/wp\/v2\/users\/14"}],"replies":[{"embeddable":true,"href":"https:\/\/dimensionturistica.com\/es\/wp-json\/wp\/v2\/comments?post=1130174"}],"version-history":[{"count":1,"href":"https:\/\/dimensionturistica.com\/es\/wp-json\/wp\/v2\/posts\/1130174\/revisions"}],"predecessor-version":[{"id":1130176,"href":"https:\/\/dimensionturistica.com\/es\/wp-json\/wp\/v2\/posts\/1130174\/revisions\/1130176"}],"wp:featuredmedia":[{"embeddable":true,"href":"https:\/\/dimensionturistica.com\/es\/wp-json\/wp\/v2\/media\/1130175"}],"wp:attachment":[{"href":"https:\/\/dimensionturistica.com\/es\/wp-json\/wp\/v2\/media?parent=1130174"}],"wp:term":[{"taxonomy":"category","embeddable":true,"href":"https:\/\/dimensionturistica.com\/es\/wp-json\/wp\/v2\/categories?post=1130174"},{"taxonomy":"post_tag","embeddable":true,"href":"https:\/\/dimensionturistica.com\/es\/wp-json\/wp\/v2\/tags?post=1130174"}],"curies":[{"name":"wp","href":"https:\/\/api.w.org\/{rel}","templated":true}]}}