{"id":1130130,"date":"2026-03-25T16:38:45","date_gmt":"2026-03-25T16:38:45","guid":{"rendered":"https:\/\/dimensionturistica.com\/es\/?p=1130130"},"modified":"2026-03-25T16:38:45","modified_gmt":"2026-03-25T16:38:45","slug":"coleccion-primavera-2026-pret-a-porter-de-cos-un-vistazo-a-las-tendencias-essenciales","status":"publish","type":"post","link":"https:\/\/dimensionturistica.com\/es\/coleccion-primavera-2026-pret-a-porter-de-cos-un-vistazo-a-las-tendencias-essenciales\/","title":{"rendered":"Colecci\u00f3n Primavera 2026 Pr\u00eat-\u00e0-Porter de Cos: Un Vistazo a las Tendencias Essenciales"},"content":{"rendered":"<p><strong>La Evoluci\u00f3n de la Moda Sostenible en la Pasarela: COS Primavera 2026<\/strong><\/p>\n<p>En el vibrante mundo de la moda, el concepto de sostenibilidad ha dejado de ser una simple tendencia para convertirse en una necesidad apremiante. La marca COS, reconocida por su enfoque en el dise\u00f1o minimalista y funcional, ha dado un paso contundente en esta direcci\u00f3n durante su presentaci\u00f3n de Primavera 2026. <\/p>\n<h3>Un Enfoque en la Versatilidad<\/h3>\n<p>La colecci\u00f3n se caracteriza por una paleta de colores cuidadosamente seleccionada que busca trascender las estaciones. Los tonos neutros como el blanco, gris y beige se entrelazan con acentos m\u00e1s audaces, como el azul celeste y el verde musgo. Esta elecci\u00f3n no solo refleja una est\u00e9tica contempor\u00e1nea, sino que tambi\u00e9n permite a las piezas ser vers\u00e1tiles y adecuadas para diversas ocasiones.<\/p>\n<h3>Materiales Innovadores<\/h3>\n<p>El compromiso de COS con la sostenibilidad se manifiesta en el uso de materiales innovadores. Telas recicladas, y fibras de origen \u00e9tico se integran en cada prenda, lo que resalta la importancia de la responsabilidad ambiental en el futuro de la moda. Las prendas no solo son atractivas visualmente, sino que cuentan una historia de respeto hacia el planeta.<\/p>\n<h3>Siluetas Atemporales<\/h3>\n<p>Las siluetas presentadas son un canto a la atemporalidad y la funcionalidad. Los cortes rectos y las l\u00edneas limpias se combinan con detalles sutiles que aportan un toque de modernidad. Vestidos largos, pantalones amplios y blusas con mangas anchas ofrecen un equilibrio perfecto entre confort y estilo, permitiendo al consumidor explorar su individualidad sin sacrificar la comodidad.<\/p>\n<h3>Estilo Unisex<\/h3>\n<p>Una de las caracter\u00edsticas m\u00e1s destacadas de esta colecci\u00f3n es su enfoque unisex. Cada pieza est\u00e1 dise\u00f1ada para ser llevada por cualquier persona, rompiendo las barreras tradicionales de g\u00e9nero y promoviendo la inclusividad. Este enfoque no solo refleja un cambio en la percepci\u00f3n de la moda, sino que tambi\u00e9n se alinea con un estilo de vida contempor\u00e1neo que valora la libertad y la autoexpresi\u00f3n.<\/p>\n<h3>Influencia Cultural<\/h3>\n<p>COS tambi\u00e9n ha incorporado elementos de la cultura contempor\u00e1nea, influencias art\u00edsticas y referencias arquitect\u00f3nicas que hacen que cada prenda sea \u00fanica. Esta amalgama de estilos no solo atrae a un p\u00fablico diverso, sino que tambi\u00e9n establece un di\u00e1logo con la historia de la moda, mostrando c\u00f3mo el pasado puede reimaginarse en el presente.<\/p>\n<h3>Al final de la Pasarela<\/h3>\n<p>La presentaci\u00f3n de COS para Primavera 2026 es m\u00e1s que una simple colecci\u00f3n; es una invitaci\u00f3n a reflexionar sobre el futuro de la moda. A medida que los consumidores se vuelven m\u00e1s conscientes de sus elecciones, la marca se posiciona como pionera en la creaci\u00f3n de un estilo que no solo atrae visualmente, sino que tambi\u00e9n promueve la sostenibilidad y la innovaci\u00f3n.<\/p>\n<h3>Conclusi\u00f3n<\/h3>\n<p>La pasarela de COS ha dejado una huella indeleble en la industria de la moda. Con su enfoque audaz en la sostenibilidad, la versatilidad y la inclusividad, plantea una nueva visi\u00f3n que apela a una generaci\u00f3n de consumidores informados. As\u00ed, se reafirma que la moda puede ser, y debe ser, un reflejo de los valores m\u00e1s esenciales de nuestra sociedad.<\/p>\n<p><em> &#8221; Fuentes www.vogue.com &#8221; <\/em><\/p>\n","protected":false},"excerpt":{"rendered":"<p>La Evoluci\u00f3n de la Moda Sostenible en la Pasarela: COS Primavera 2026 En el vibrante mundo de la moda, el concepto de sostenibilidad ha dejado de ser una simple tendencia para convertirse en una necesidad apremiante. La marca COS, reconocida por su enfoque en el dise\u00f1o minimalista y funcional, ha dado un paso contundente en [&hellip;]<\/p>\n","protected":false},"author":14,"featured_media":1130131,"comment_status":"open","ping_status":"closed","sticky":false,"template":"","format":"standard","meta":{"om_disable_all_campaigns":false,"jnews-multi-image_gallery":[],"jnews_single_post":[],"jnews_primary_category":[],"jnews_social_meta":[],"footnotes":""},"categories":[144872],"tags":[130092,18839,217256,29821,166,160469,94447,200339,218721,227869,372,6194],"class_list":["post-1130130","post","type-post","status-publish","format-standard","has-post-thumbnail","hentry","category-fashion","tag-apparel","tag-collection","tag-cos","tag-design","tag-fashion","tag-ready-to-wear","tag-runway","tag-runway_review","tag-spring-2026","tag-spring-2026-ready-to-wear","tag-style","tag-trends"],"_links":{"self":[{"href":"https:\/\/dimensionturistica.com\/es\/wp-json\/wp\/v2\/posts\/1130130","targetHints":{"allow":["GET"]}}],"collection":[{"href":"https:\/\/dimensionturistica.com\/es\/wp-json\/wp\/v2\/posts"}],"about":[{"href":"https:\/\/dimensionturistica.com\/es\/wp-json\/wp\/v2\/types\/post"}],"author":[{"embeddable":true,"href":"https:\/\/dimensionturistica.com\/es\/wp-json\/wp\/v2\/users\/14"}],"replies":[{"embeddable":true,"href":"https:\/\/dimensionturistica.com\/es\/wp-json\/wp\/v2\/comments?post=1130130"}],"version-history":[{"count":1,"href":"https:\/\/dimensionturistica.com\/es\/wp-json\/wp\/v2\/posts\/1130130\/revisions"}],"predecessor-version":[{"id":1130132,"href":"https:\/\/dimensionturistica.com\/es\/wp-json\/wp\/v2\/posts\/1130130\/revisions\/1130132"}],"wp:featuredmedia":[{"embeddable":true,"href":"https:\/\/dimensionturistica.com\/es\/wp-json\/wp\/v2\/media\/1130131"}],"wp:attachment":[{"href":"https:\/\/dimensionturistica.com\/es\/wp-json\/wp\/v2\/media?parent=1130130"}],"wp:term":[{"taxonomy":"category","embeddable":true,"href":"https:\/\/dimensionturistica.com\/es\/wp-json\/wp\/v2\/categories?post=1130130"},{"taxonomy":"post_tag","embeddable":true,"href":"https:\/\/dimensionturistica.com\/es\/wp-json\/wp\/v2\/tags?post=1130130"}],"curies":[{"name":"wp","href":"https:\/\/api.w.org\/{rel}","templated":true}]}}