{"id":1129797,"date":"2026-03-25T01:11:36","date_gmt":"2026-03-25T01:11:36","guid":{"rendered":"https:\/\/dimensionturistica.com\/es\/?p=1129797"},"modified":"2026-03-25T01:11:36","modified_gmt":"2026-03-25T01:11:36","slug":"ciara-russell-wilson-travis-scott-y-law-roach-se-unen-a-160-nuevas-estrellas-en-el-gala-del-fondo-de-becas-de-moda","status":"publish","type":"post","link":"https:\/\/dimensionturistica.com\/es\/ciara-russell-wilson-travis-scott-y-law-roach-se-unen-a-160-nuevas-estrellas-en-el-gala-del-fondo-de-becas-de-moda\/","title":{"rendered":"Ciara, Russell Wilson, Travis Scott y Law Roach Se Unen a 160 Nuevas Estrellas en el Gala del Fondo de Becas de Moda"},"content":{"rendered":"<h3>Un Encuentro Glamoroso en Pro de la Moda<\/h3>\n<p>La noche neoyorquina brill\u00f3 con un resplandor especial, no solo por las llamativas propuestas de moda, sino tambi\u00e9n por el firme prop\u00f3sito de apoyar a la pr\u00f3xima generaci\u00f3n de dise\u00f1adores y creativos. En un evento impresionante, la Gala del Fondo de Becas de Moda reuni\u00f3 a figuras destacadas del sector, quienes se unieron para celebrar el talento emergente. Este encuentro es m\u00e1s que una gala; es un compromiso con el futuro de la industria.<\/p>\n<p>Los asistentes, envueltos en elegantes atuendos, pulsaron el latido de la moda actual, destacando la diversidad y la innovaci\u00f3n que impregnan el mundo del dise\u00f1o. Las pasarelas de la gala presentaron un despliegue de creatividad, fusionando estilos cl\u00e1sicos y contempor\u00e1neos, mientras los reconocidos dise\u00f1adores compart\u00edan sus historias de \u00e9xito y los desaf\u00edos que enfrentaron, inspirando a nuevos talentos.<\/p>\n<p>El Fondo de Becas de Moda, que ya es un pilar en la formaci\u00f3n de j\u00f3venes dise\u00f1adores, present\u00f3 a sus beneficiarios, cada uno aportando su propio enfoque distintivo a la moda. Los premiados fueron reconocidos no solo por su destreza t\u00e9cnica, sino por su capacidad para desafiar las normas y redefinir lo que la moda puede ser. Con sus innovadoras visiones, es evidente que el futuro es brillante y diverso.<\/p>\n<p>Adem\u00e1s de la pasarela, la gala sirvi\u00f3 como un espacio de networking, donde mentores y aspirantes se conectaron, intercambiando ideas y forjando alianzas que podr\u00edan transformar la industria en los a\u00f1os venideros. La importancia de estos v\u00ednculos no puede subestimarse; son la base sobre la cual se construyen las carreras de los futuros dise\u00f1adores.<\/p>\n<p>Como parte de la violencia est\u00e9tica de la noche, se llevaron a cabo subastas y homenajes que no solo celebraron el arte de la moda, sino que tambi\u00e9n recaudaron fondos cruciales para el financiamiento de becas. El compromiso de todos los presentes fue palpable, reforzando la idea de que la moda va m\u00e1s all\u00e1 del dise\u00f1o; es un veh\u00edculo para el cambio social y la inclusi\u00f3n.<\/p>\n<p>Los relatos de superaci\u00f3n, creatividad y pasi\u00f3n fueron el hilo conductor de la velada, recordando a todos que detr\u00e1s de cada prenda hay una historia, un esfuerzo, un sue\u00f1o. La Gala del Fondo de Becas de Moda no es solo un evento; es un manifiesto vibrante que resuena en cada rinc\u00f3n de la industria.<\/p>\n<p>En definitiva, esta celebraci\u00f3n marca un hito en la conexi\u00f3n entre la moda y la educaci\u00f3n, destacando la responsabilidad colectiva de impulsar a la pr\u00f3xima ola de visionarios que dar\u00e1n forma al futuro de la moda. La noche no solo fue un espect\u00e1culo visual, sino una declaraci\u00f3n de intenciones: la moda es un camino abierto, accesible y lleno de oportunidades para todos.<\/p>\n<p><em> &#8221; Fuentes www.vogue.com &#8221; <\/em><\/p>\n","protected":false},"excerpt":{"rendered":"<p>Un Encuentro Glamoroso en Pro de la Moda La noche neoyorquina brill\u00f3 con un resplandor especial, no solo por las llamativas propuestas de moda, sino tambi\u00e9n por el firme prop\u00f3sito de apoyar a la pr\u00f3xima generaci\u00f3n de dise\u00f1adores y creativos. En un evento impresionante, la Gala del Fondo de Becas de Moda reuni\u00f3 a figuras [&hellip;]<\/p>\n","protected":false},"author":14,"featured_media":1129798,"comment_status":"open","ping_status":"closed","sticky":false,"template":"","format":"standard","meta":{"om_disable_all_campaigns":false,"jnews-multi-image_gallery":[],"jnews_single_post":[],"jnews_primary_category":[],"jnews_social_meta":[],"footnotes":""},"categories":[144872],"tags":[207111,223697,166,217995,75295,25759,208188,217996,17105,272687,203622],"class_list":["post-1129797","post","type-post","status-publish","format-standard","has-post-thumbnail","hentry","category-fashion","tag-celebrity-event","tag-ciara","tag-fashion","tag-fashion-scholarship-fund","tag-fundraising","tag-gala","tag-law-roach","tag-rising-stars","tag-russell-wilson","tag-travis-scott","tag-vogue-parties"],"_links":{"self":[{"href":"https:\/\/dimensionturistica.com\/es\/wp-json\/wp\/v2\/posts\/1129797","targetHints":{"allow":["GET"]}}],"collection":[{"href":"https:\/\/dimensionturistica.com\/es\/wp-json\/wp\/v2\/posts"}],"about":[{"href":"https:\/\/dimensionturistica.com\/es\/wp-json\/wp\/v2\/types\/post"}],"author":[{"embeddable":true,"href":"https:\/\/dimensionturistica.com\/es\/wp-json\/wp\/v2\/users\/14"}],"replies":[{"embeddable":true,"href":"https:\/\/dimensionturistica.com\/es\/wp-json\/wp\/v2\/comments?post=1129797"}],"version-history":[{"count":1,"href":"https:\/\/dimensionturistica.com\/es\/wp-json\/wp\/v2\/posts\/1129797\/revisions"}],"predecessor-version":[{"id":1129799,"href":"https:\/\/dimensionturistica.com\/es\/wp-json\/wp\/v2\/posts\/1129797\/revisions\/1129799"}],"wp:featuredmedia":[{"embeddable":true,"href":"https:\/\/dimensionturistica.com\/es\/wp-json\/wp\/v2\/media\/1129798"}],"wp:attachment":[{"href":"https:\/\/dimensionturistica.com\/es\/wp-json\/wp\/v2\/media?parent=1129797"}],"wp:term":[{"taxonomy":"category","embeddable":true,"href":"https:\/\/dimensionturistica.com\/es\/wp-json\/wp\/v2\/categories?post=1129797"},{"taxonomy":"post_tag","embeddable":true,"href":"https:\/\/dimensionturistica.com\/es\/wp-json\/wp\/v2\/tags?post=1129797"}],"curies":[{"name":"wp","href":"https:\/\/api.w.org\/{rel}","templated":true}]}}