{"id":1129774,"date":"2026-03-25T00:19:42","date_gmt":"2026-03-25T00:19:42","guid":{"rendered":"https:\/\/dimensionturistica.com\/es\/?p=1129774"},"modified":"2026-03-25T00:19:42","modified_gmt":"2026-03-25T00:19:42","slug":"tiempo-de-cuidado-personal-la-estrategia-de-aila-morin-para-priorizar-su-bienestar","status":"publish","type":"post","link":"https:\/\/dimensionturistica.com\/es\/tiempo-de-cuidado-personal-la-estrategia-de-aila-morin-para-priorizar-su-bienestar\/","title":{"rendered":"Tiempo de Cuidado Personal: La Estrategia de Aila Morin para Priorizar Su Bienestar"},"content":{"rendered":"<h3>Aila Morin: Redefiniendo el Estilo Profesional<\/h3>\n<p>En el mundo del dise\u00f1o de moda, Aila Morin se erige como un faro de innovaci\u00f3n y autenticidad. Esta talentosa dise\u00f1adora ha logrado captar la atenci\u00f3n de la industria con su enfoque fresco y contempor\u00e1neo, convirti\u00e9ndose en un referente para quienes buscan darle un giro al atuendo tradicional de oficina.<\/p>\n<h4>Una Propuesta In\u00e9dita<\/h4>\n<p>El estilo de Morin trasciende las convenciones de la vestimenta laboral. Se adentra en un universo donde lo sofisticado y lo c\u00f3modo coexisten armoniosamente. Su visi\u00f3n es clara: los empleados de hoy buscan m\u00e1s que solo un c\u00f3digo de vestimenta; desean expresarse a trav\u00e9s de su ropa. En este contexto, Aila imprime su sello personal en cada pieza, creando conjuntos que son tan funcionales como elegantes, ideales para el ritmo acelerado del entorno profesional.<\/p>\n<h4>La Clave Est\u00e1 en los Detalles<\/h4>\n<p>Los dise\u00f1os de Morin son un testimonio del poder de los detalles. Con una paleta de colores cuidadosamente seleccionada y cortes que favorecen la figura, cada prenda est\u00e1 pensada para empoderar al individuo. La incorporaci\u00f3n de texturas inesperadas, junto con un estampado audaz, transforma lo que podr\u00eda ser un outfit convencional en una declaraci\u00f3n de estilo.<\/p>\n<p>La dise\u00f1adora tambi\u00e9n presta especial atenci\u00f3n a los materiales sustentables, reflejando una compromiso no solo con la moda, sino tambi\u00e9n con el medio ambiente. Esta elecci\u00f3n consciente de recursos atrae a una generaci\u00f3n de consumidores cada vez m\u00e1s preocupados por su impacto en el planeta.<\/p>\n<h4>La Influencia de la Cultura Contempor\u00e1nea<\/h4>\n<p>Morin tambi\u00e9n se inspira en la cultura contempor\u00e1nea, incorporando elementos de la calle, el arte y la m\u00fasica en sus creaciones. Esta fusi\u00f3n no solo la distingue en un competitivo mercado, sino que tambi\u00e9n resuena en una audiencia que busca autenticidad. Al unir moda y cultura, ha creado un lenguaje visual que comunica una historia \u00fanica y personal.<\/p>\n<h4>La Reinvenci\u00f3n del Espacio Laboral<\/h4>\n<p>La propuesta de Aila no solo se queda en la vestimenta; tambi\u00e9n aborda la necesidad de un espacio laboral m\u00e1s inclusivo y diverso. Su visi\u00f3n pedag\u00f3gica sugiere que el entorno profesional debe adaptarse a las necesidades de sus integrantes, lo que abre la puerta a una discusi\u00f3n sobre c\u00f3mo la moda puede influir en la cultura corporativa.<\/p>\n<h4>Un Futuro Brillante<\/h4>\n<p>Con cada colecci\u00f3n, Aila Morin contin\u00faa desdibujando las fronteras entre lo que se considera &#8220;apropiado&#8221; en el trabajo y lo que puede ser una verdadera expresi\u00f3n personal. Su enfoque audaz y su comprensi\u00f3n de las din\u00e1micas modernas han posicionado su marca como un aliado indispensable para quienes buscan navegar el mundo profesional con estilo y confianza.<\/p>\n<p>La revoluci\u00f3n del vestuario de oficina est\u00e1 en marcha y, en esta traves\u00eda, Morin se convierte en una figura central que invita a los profesionales a atreverse a ser ellos mismos. Con un futuro brillante por delante, su legado apenas empieza a tomar forma. La moda, como bien demuestra Aila, no solo se viste; se vive.<\/p>\n<p><em> &#8221; Fuentes www.vogue.com &#8221; <\/em><\/p>\n","protected":false},"excerpt":{"rendered":"<p>Aila Morin: Redefiniendo el Estilo Profesional En el mundo del dise\u00f1o de moda, Aila Morin se erige como un faro de innovaci\u00f3n y autenticidad. Esta talentosa dise\u00f1adora ha logrado captar la atenci\u00f3n de la industria con su enfoque fresco y contempor\u00e1neo, convirti\u00e9ndose en un referente para quienes buscan darle un giro al atuendo tradicional de [&hellip;]<\/p>\n","protected":false},"author":14,"featured_media":1129775,"comment_status":"open","ping_status":"closed","sticky":false,"template":"","format":"standard","meta":{"om_disable_all_campaigns":false,"jnews-multi-image_gallery":[],"jnews_single_post":[],"jnews_primary_category":[],"jnews_social_meta":[],"footnotes":""},"categories":[144872],"tags":[198537,72867,34402,85814,208,22399,198499,73628,77016,80799,87099,202,217102,198500,373,209,32483],"class_list":["post-1129774","post","type-post","status-publish","format-standard","has-post-thumbnail","hentry","category-fashion","tag-_commerce","tag-beauty","tag-empowerment","tag-leadership","tag-mental-health","tag-mindfulness","tag-onecolumn","tag-personal-growth","tag-productivity","tag-professional-development","tag-self-care","tag-shopping","tag-storytypesingle-product-review","tag-textabovecenterfullbleed","tag-web","tag-wellness","tag-work-life-balance"],"_links":{"self":[{"href":"https:\/\/dimensionturistica.com\/es\/wp-json\/wp\/v2\/posts\/1129774","targetHints":{"allow":["GET"]}}],"collection":[{"href":"https:\/\/dimensionturistica.com\/es\/wp-json\/wp\/v2\/posts"}],"about":[{"href":"https:\/\/dimensionturistica.com\/es\/wp-json\/wp\/v2\/types\/post"}],"author":[{"embeddable":true,"href":"https:\/\/dimensionturistica.com\/es\/wp-json\/wp\/v2\/users\/14"}],"replies":[{"embeddable":true,"href":"https:\/\/dimensionturistica.com\/es\/wp-json\/wp\/v2\/comments?post=1129774"}],"version-history":[{"count":1,"href":"https:\/\/dimensionturistica.com\/es\/wp-json\/wp\/v2\/posts\/1129774\/revisions"}],"predecessor-version":[{"id":1129776,"href":"https:\/\/dimensionturistica.com\/es\/wp-json\/wp\/v2\/posts\/1129774\/revisions\/1129776"}],"wp:featuredmedia":[{"embeddable":true,"href":"https:\/\/dimensionturistica.com\/es\/wp-json\/wp\/v2\/media\/1129775"}],"wp:attachment":[{"href":"https:\/\/dimensionturistica.com\/es\/wp-json\/wp\/v2\/media?parent=1129774"}],"wp:term":[{"taxonomy":"category","embeddable":true,"href":"https:\/\/dimensionturistica.com\/es\/wp-json\/wp\/v2\/categories?post=1129774"},{"taxonomy":"post_tag","embeddable":true,"href":"https:\/\/dimensionturistica.com\/es\/wp-json\/wp\/v2\/tags?post=1129774"}],"curies":[{"name":"wp","href":"https:\/\/api.w.org\/{rel}","templated":true}]}}