{"id":1129737,"date":"2026-03-24T22:37:36","date_gmt":"2026-03-24T22:37:36","guid":{"rendered":"https:\/\/dimensionturistica.com\/es\/?p=1129737"},"modified":"2026-03-24T22:37:36","modified_gmt":"2026-03-24T22:37:36","slug":"en-paris-el-palais-galliera-rinde-homenaje-a-la-moda-empolvada-y-las-caderas-exageradas-ayer-y-hoy","status":"publish","type":"post","link":"https:\/\/dimensionturistica.com\/es\/en-paris-el-palais-galliera-rinde-homenaje-a-la-moda-empolvada-y-las-caderas-exageradas-ayer-y-hoy\/","title":{"rendered":"En Par\u00eds, el Palais Galliera Rinde Homenaje a la Moda Empolvada y las Caderas Exageradas, Ayer y Hoy."},"content":{"rendered":"<h3>Un Viaje a Trav\u00e9s del Tiempo: La Moda en el Palais Galliera<\/h3>\n<p>En un rinc\u00f3n emblem\u00e1tico de Par\u00eds, el Palais Galliera se ha transformado en un escaparate vibrante de la evoluci\u00f3n del estilo. Este ic\u00f3nico museo, conocido por sus exposiciones dedicadas a la historia de la moda, rinde homenaje a un pasado que resuena con la elegancia y la innovaci\u00f3n de la actualidad. La reciente exhibici\u00f3n es un homenaje a la sofisticaci\u00f3n de \u00e9pocas pasadas, con un enfoque especial en las siluetas que han marcado la historia de la moda.<\/p>\n<p>La muestra destaca la maestr\u00eda de la confecci\u00f3n de cors\u00e9s y la audaz estructura de los panier, piezas que han dejado una huella indeleble en la est\u00e9tica de diversas \u00e9pocas. A trav\u00e9s de una narrativa visual cautivadora, la exposici\u00f3n presenta un rico compendio de textiles, estilos, y t\u00e9cnicas que entrelazan el pasado con un presente en constante transformaci\u00f3n. <\/p>\n<p>Los visitantes son transportados a un mundo donde cada vestido cuenta una historia. Desde las volutas del Barroco hasta los dise\u00f1os m\u00e1s contempor\u00e1neos, la curadur\u00eda logra conectar el dise\u00f1o hist\u00f3rico con la moda moderna, ofreciendo un di\u00e1logo fascinante entre tradici\u00f3n y vanguardismo. Este enfoque no solo celebra la historia de la moda, sino que cuestiona c\u00f3mo estos elementos cl\u00e1sicos influyen en las tendencias actuales. <\/p>\n<p>Uno de los puntos \u00e1lgidos de la exposici\u00f3n es c\u00f3mo se refleja la cultura en la vestimenta a lo largo de los a\u00f1os. Los atuendos elegidos para la muestra son no solo una representaci\u00f3n visual, sino una exploraci\u00f3n del contexto social y pol\u00edtico de sus respectivas \u00e9pocas. Cada pieza es un testimonio del poder expresivo que la moda puede tener, llevando a los visitantes a reflexionar sobre las expectativas y limitaciones de g\u00e9nero en diferentes momentos de la historia.<\/p>\n<p>La conexi\u00f3n emocional que se establece entre las piezas y el p\u00fablico es innegable. El Palais Galliera logra captar la atenci\u00f3n al invitar a todos a sumergirse en el esplendor de un tiempo donde la meticulosidad era la norma y la extravagancia, la regla. Esta exhibici\u00f3n resulta ser una experiencia sensorial, donde el arte del vestir trasciende la mera funcionalidad y se convierte en una forma de expresi\u00f3n art\u00edstica.<\/p>\n<p>A medida que la curva de la moda sigue cambiando, el Palais Galliera nos recuerda que el pasado nunca est\u00e1 lejano. La exhibici\u00f3n es un recordatorio de la importancia de apreciar lo que ha sido y c\u00f3mo eso contin\u00faa influyendo en el presente. Desde admirar la belleza de los metales dorados hasta los intrincados bordados de \u00e9pocas pasadas, los asistentes se marchan con una nueva apreciaci\u00f3n de la moda como una forma de arte viva.<\/p>\n<p>Sin duda, esta experiencia \u00fanica en el Palais Galliera reafirma a Par\u00eds como el epicentro de la moda, un lugar donde se honra el legado, mientras se mira hacia el futuro. Con una curadur\u00eda completamente audaz, esta exposici\u00f3n permitir\u00e1 a los amantes de la moda y la historia encontrar un punto de conexi\u00f3n que trasciende el tiempo y la tendencia. <\/p>\n<p>Un recorrido por el Palais Galliera no es solo una visita a un museo; es un viaje por la historia, una celebraci\u00f3n de la moda que sigue evolucionando y una inspiraci\u00f3n constante para futuros dise\u00f1adores y fashionistas. Una experiencia que seguramente dejar\u00e1 huella.<\/p>\n<p><em> &#8221; Fuentes www.vogue.com &#8221; <\/em><\/p>\n","protected":false},"excerpt":{"rendered":"<p>Un Viaje a Trav\u00e9s del Tiempo: La Moda en el Palais Galliera En un rinc\u00f3n emblem\u00e1tico de Par\u00eds, el Palais Galliera se ha transformado en un escaparate vibrante de la evoluci\u00f3n del estilo. Este ic\u00f3nico museo, conocido por sus exposiciones dedicadas a la historia de la moda, rinde homenaje a un pasado que resuena con [&hellip;]<\/p>\n","protected":false},"author":14,"featured_media":1129738,"comment_status":"open","ping_status":"closed","sticky":false,"template":"","format":"standard","meta":{"om_disable_all_campaigns":false,"jnews-multi-image_gallery":[],"jnews_single_post":[],"jnews_primary_category":[],"jnews_social_meta":[],"footnotes":""},"categories":[144872],"tags":[640,88969,166,28421,231360,272666,2289,272665,94447,217471,372,198500,72687,373],"class_list":["post-1129737","post","type-post","status-publish","format-standard","has-post-thumbnail","hentry","category-fashion","tag-art","tag-exhibition","tag-fashion","tag-history","tag-palais-galliera","tag-panniered","tag-paris","tag-powdered","tag-runway","tag-storytypereporting","tag-style","tag-textabovecenterfullbleed","tag-tribute","tag-web"],"_links":{"self":[{"href":"https:\/\/dimensionturistica.com\/es\/wp-json\/wp\/v2\/posts\/1129737","targetHints":{"allow":["GET"]}}],"collection":[{"href":"https:\/\/dimensionturistica.com\/es\/wp-json\/wp\/v2\/posts"}],"about":[{"href":"https:\/\/dimensionturistica.com\/es\/wp-json\/wp\/v2\/types\/post"}],"author":[{"embeddable":true,"href":"https:\/\/dimensionturistica.com\/es\/wp-json\/wp\/v2\/users\/14"}],"replies":[{"embeddable":true,"href":"https:\/\/dimensionturistica.com\/es\/wp-json\/wp\/v2\/comments?post=1129737"}],"version-history":[{"count":1,"href":"https:\/\/dimensionturistica.com\/es\/wp-json\/wp\/v2\/posts\/1129737\/revisions"}],"predecessor-version":[{"id":1129739,"href":"https:\/\/dimensionturistica.com\/es\/wp-json\/wp\/v2\/posts\/1129737\/revisions\/1129739"}],"wp:featuredmedia":[{"embeddable":true,"href":"https:\/\/dimensionturistica.com\/es\/wp-json\/wp\/v2\/media\/1129738"}],"wp:attachment":[{"href":"https:\/\/dimensionturistica.com\/es\/wp-json\/wp\/v2\/media?parent=1129737"}],"wp:term":[{"taxonomy":"category","embeddable":true,"href":"https:\/\/dimensionturistica.com\/es\/wp-json\/wp\/v2\/categories?post=1129737"},{"taxonomy":"post_tag","embeddable":true,"href":"https:\/\/dimensionturistica.com\/es\/wp-json\/wp\/v2\/tags?post=1129737"}],"curies":[{"name":"wp","href":"https:\/\/api.w.org\/{rel}","templated":true}]}}