{"id":1129676,"date":"2026-03-24T20:30:01","date_gmt":"2026-03-24T20:30:01","guid":{"rendered":"https:\/\/dimensionturistica.com\/es\/?p=1129676"},"modified":"2026-03-24T20:30:01","modified_gmt":"2026-03-24T20:30:01","slug":"la-junta-da-a-conocer-la-segunda-edicion-de-turismo-solidario","status":"publish","type":"post","link":"https:\/\/dimensionturistica.com\/es\/la-junta-da-a-conocer-la-segunda-edicion-de-turismo-solidario\/","title":{"rendered":"La Junta da a conocer la segunda edici\u00f3n de &#8216;Turismo Solidario&#8217;"},"content":{"rendered":"<h3>Redescubriendo el Turismo Social: Una Opci\u00f3n Accesible para Todos<\/h3>\n<p>En un mundo donde el turismo se ha convertido en un pilar fundamental de la econom\u00eda global, la inclusi\u00f3n y el acceso a experiencias \u00fanicas para todos los sectores de la poblaci\u00f3n son m\u00e1s importantes que nunca. Este es el esp\u00edritu que anima la segunda edici\u00f3n de un programa innovador que busca democratizar las oportunidades de viajar: el Turismo Social. <\/p>\n<p><strong>Un Proyecto con Prop\u00f3sito<\/strong><\/p>\n<p>La propuesta, impulsada por las autoridades locales, es un claro reflejo de un compromiso con la justicia social y el bienestar comunitario. Su objetivo es facilitar la posibilidad de disfrutar del turismo a grupos que, tradicionalmente, podr\u00edan verse excluidos de estas experiencias, como personas mayores, familias con recursos econ\u00f3micos limitados y aquellos con discapacidades. Se busca abrir las puertas de una aventura a quienes a menudo se encuentran al margen.<\/p>\n<p><strong>Experiencias a Medida<\/strong><\/p>\n<p>El Turismo Social no solo se trata de ofrecer paquetes de viajes; se centra en dise\u00f1ar experiencias personalizadas que respondan a las necesidades y deseos de cada grupo. Desde rutas adaptadas y alojamiento accesible, hasta actividades recreativas y culturales que promocionan la riqueza del patrimonio local, cada detalle cuenta. Este enfoque inclusivo enriquece no solo a los viajeros, sino tambi\u00e9n a los destinos, que se benefician de una mayor diversidad cultural y econ\u00f3mica.<\/p>\n<p><strong>Difusi\u00f3n de la Cultura Local<\/strong><\/p>\n<p>Adem\u00e1s de fomentar el viaje, este programa promueve la conexi\u00f3n con la cultura y tradiciones de la regi\u00f3n. Los participantes tienen la oportunidad de disfrutar de la gastronom\u00eda local, conocer la historia de los lugares que visitan y participar en festividades aut\u00e9nticas, lo que crea un impacto positivo en la comunidad anfitriona. Este intercambio cultural es esencial para fortalecer los lazos entre visitantes y residentes, generando un sentido de unidad y respeto.<\/p>\n<p><strong>Compromiso de Futuro<\/strong><\/p>\n<p>La segunda edici\u00f3n del Turismo Social no solo es un avance en la inclusi\u00f3n, sino tambi\u00e9n una invitaci\u00f3n a repensar c\u00f3mo valoramos el acto de viajar. Al facilitar el acceso a distintos grupos, se promueve un turismo m\u00e1s sostenible y responsable. En un momento en que el mundo enfrenta numerosos desaf\u00edos, iniciativas como esta representan un faro de esperanza y un modelo a seguir.<\/p>\n<p><strong>Conclusi\u00f3n: El Viaje de Todos<\/strong><\/p>\n<p>A medida que el Turismo Social se posiciona como uno de los motores del desarrollo tur\u00edstico, es imperativo que continuemos desdibujando las l\u00edneas que dividen a los viajeros. La diversidad en el turismo no solo enriquece las experiencias, sino que tambi\u00e9n refuerza la idea de que el viajar es un derecho de todos. Esta nueva etapa es una celebraci\u00f3n del acceso, la inclusi\u00f3n y, sobre todo, la posibilidad de vivir nuevas aventuras juntos.<\/p>\n<p><em> &#8221; Sources www.latribunadeciudadreal.es &#8221; <\/em><\/p>\n","protected":false},"excerpt":{"rendered":"<p>Redescubriendo el Turismo Social: Una Opci\u00f3n Accesible para Todos En un mundo donde el turismo se ha convertido en un pilar fundamental de la econom\u00eda global, la inclusi\u00f3n y el acceso a experiencias \u00fanicas para todos los sectores de la poblaci\u00f3n son m\u00e1s importantes que nunca. Este es el esp\u00edritu que anima la segunda edici\u00f3n [&hellip;]<\/p>\n","protected":false},"author":4,"featured_media":1129677,"comment_status":"open","ping_status":"closed","sticky":false,"template":"","format":"standard","meta":{"om_disable_all_campaigns":false,"jnews-multi-image_gallery":[],"jnews_single_post":[],"jnews_primary_category":[],"jnews_social_meta":[],"footnotes":""},"categories":[40],"tags":[1105,272599,5884,3240,662,724,12850,78474,3067,73555,76841,4645,544,833],"class_list":["post-1129676","post","type-post","status-publish","format-standard","has-post-thumbnail","hentry","category-industria","tag-actividades","tag-barbara-garcia-torijano","tag-castilla-la-mancha","tag-comunidad","tag-cultura","tag-eventos","tag-inclusion","tag-la-junta","tag-promocion-turistica","tag-residencias-de-mayores","tag-segunda-edicion","tag-social","tag-turismo","tag-union-europea"],"_links":{"self":[{"href":"https:\/\/dimensionturistica.com\/es\/wp-json\/wp\/v2\/posts\/1129676","targetHints":{"allow":["GET"]}}],"collection":[{"href":"https:\/\/dimensionturistica.com\/es\/wp-json\/wp\/v2\/posts"}],"about":[{"href":"https:\/\/dimensionturistica.com\/es\/wp-json\/wp\/v2\/types\/post"}],"author":[{"embeddable":true,"href":"https:\/\/dimensionturistica.com\/es\/wp-json\/wp\/v2\/users\/4"}],"replies":[{"embeddable":true,"href":"https:\/\/dimensionturistica.com\/es\/wp-json\/wp\/v2\/comments?post=1129676"}],"version-history":[{"count":1,"href":"https:\/\/dimensionturistica.com\/es\/wp-json\/wp\/v2\/posts\/1129676\/revisions"}],"predecessor-version":[{"id":1129678,"href":"https:\/\/dimensionturistica.com\/es\/wp-json\/wp\/v2\/posts\/1129676\/revisions\/1129678"}],"wp:featuredmedia":[{"embeddable":true,"href":"https:\/\/dimensionturistica.com\/es\/wp-json\/wp\/v2\/media\/1129677"}],"wp:attachment":[{"href":"https:\/\/dimensionturistica.com\/es\/wp-json\/wp\/v2\/media?parent=1129676"}],"wp:term":[{"taxonomy":"category","embeddable":true,"href":"https:\/\/dimensionturistica.com\/es\/wp-json\/wp\/v2\/categories?post=1129676"},{"taxonomy":"post_tag","embeddable":true,"href":"https:\/\/dimensionturistica.com\/es\/wp-json\/wp\/v2\/tags?post=1129676"}],"curies":[{"name":"wp","href":"https:\/\/api.w.org\/{rel}","templated":true}]}}