{"id":1129631,"date":"2026-03-24T19:21:47","date_gmt":"2026-03-24T19:21:47","guid":{"rendered":"https:\/\/dimensionturistica.com\/es\/?p=1129631"},"modified":"2026-03-24T19:21:47","modified_gmt":"2026-03-24T19:21:47","slug":"primera-edicion-de-la-semana-de-viajes-de-brand-usa-en-rio-de-janeiro-destinos","status":"publish","type":"post","link":"https:\/\/dimensionturistica.com\/es\/primera-edicion-de-la-semana-de-viajes-de-brand-usa-en-rio-de-janeiro-destinos\/","title":{"rendered":"Primera edici\u00f3n de la Semana de Viajes de Brand USA en R\u00edo de Janeiro &#8211; Destinos"},"content":{"rendered":"<h3>Un viaje hacia nuevas fronteras: Brand USA Travel Week en R\u00edo de Janeiro<\/h3>\n<p>La vibrante ciudad de R\u00edo de Janeiro fue el escenario perfecto para la primera edici\u00f3n del Brand USA Travel Week, un evento que ha capturado la esencia del turismo estadounidense y ha fortalecido los lazos entre Estados Unidos y Am\u00e9rica del Sur. Durante varios d\u00edas, los impresionantes paisajes cariocas se convirtieron en el tel\u00f3n de fondo para una serie de encuentros, presentaciones y oportunidades de networking que prometen abrir las puertas a un futuro tur\u00edstico lleno de posibilidades.<\/p>\n<h4>Celebrando la diversidad cultural<\/h4>\n<p>Este encuentro no solo fue un punto de encuentro para agentes de viajes, operadores y representantes de la industria tur\u00edstica, sino tambi\u00e9n un homenaje a la diversidad cultural que ambos continentes comparten. Representantes de distintas regiones de Estados Unidos se dieron cita para presentar sus ofertas tur\u00edsticas, desde los emblem\u00e1ticos parques nacionales hasta los vibrantes centros urbanos, resaltando la pluralidad de experiencias que se pueden vivir al cruzar el Atl\u00e1ntico.<\/p>\n<p>Entre las presentaciones m\u00e1s destacadas, visitantes y profesionales tuvieron la oportunidad de descubrir los encantos de lugares ic\u00f3nicos como Nueva York, Miami y Los \u00c1ngeles, as\u00ed como destinos menos conocidos que prometen aventuras \u00fanicas. La Sierra Nevada, los Sunsets en el Valle de la Muerte y las playas tranquilas de Maui fueron solo algunas de las maravillas en exhibici\u00f3n.<\/p>\n<h4>Oportunidades para el mercado sudamericano<\/h4>\n<p>Una de las claves del Brand USA Travel Week fue la conexi\u00f3n directa entre las necesidades del mercado sudamericano y las ofertas tur\u00edsticas de Estados Unidos. La afluencia de turistas brasile\u00f1os y de otras naciones de la regi\u00f3n a los Estados Unidos ha crecido significativamente, y este evento fue una plataforma ideal para que los profesionales del turismo de Am\u00e9rica del Sur exploraran nuevas oportunidades de colaboraci\u00f3n.<\/p>\n<p>Los agentes de viajes pudieron establecer contactos valiosos y aprender sobre estrategias efectivas para comercializar destinos estadounidenses. Talleres interactivos y sesiones de preguntas y respuestas ofrecieron un espacio para intercambiar experiencias y consejos pr\u00e1cticos, asegurando que todos los participantes volvieran a casa con el conocimiento necesario para impulsar su negocio.<\/p>\n<h4>El futuro del turismo entre ambos continentes<\/h4>\n<p>La iniciativa de Brand USA no solo busca promover destinos, sino tambi\u00e9n fortalecer la relaci\u00f3n cultural y econ\u00f3mica entre Estados Unidos y Am\u00e9rica del Sur. A medida que el mundo se recupera de las restricciones impuestas por la pandemia, la colaboraci\u00f3n y el entendimiento mutuo son esenciales para fomentar el turismo internacional. Este evento es un paso crucial hacia la creaci\u00f3n de conexiones duraderas que beneficien tanto a viajeros como a profesionales de la industria.<\/p>\n<p>Con el \u00e9xito de la primera edici\u00f3n del Brand USA Travel Week en R\u00edo de Janeiro, las expectativas son altas para futuros encuentros en diferentes ciudades de Am\u00e9rica del Sur. Queda claro que, en un mundo interconectado, la colaboraci\u00f3n y la innovaci\u00f3n ser\u00e1n la clave para abrir nuevos horizontes y enriquecer la experiencia de los viajeros.<\/p>\n<h3>Conclusi\u00f3n<\/h3>\n<p>El Brand USA Travel Week ha dejado una huella profunda en el panorama tur\u00edstico, no solo en R\u00edo de Janeiro, sino en toda Am\u00e9rica del Sur. Si bien la sencillez de este evento puede parecer la puerta de entrada para muchos, su impacto resonar\u00e1 en las decisiones que tomen a partir de ahora los profesionales del turismo en la regi\u00f3n. La magia de viajar se encuentra en las conexiones que hacemos y, gracias a este extraordinario encuentro, el camino hacia el descubrimiento y la aventura solo ha comenzado.<\/p>\n<p><em> &#8221; Sources contactonews.co &#8221; <\/em><\/p>\n","protected":false},"excerpt":{"rendered":"<p>Un viaje hacia nuevas fronteras: Brand USA Travel Week en R\u00edo de Janeiro La vibrante ciudad de R\u00edo de Janeiro fue el escenario perfecto para la primera edici\u00f3n del Brand USA Travel Week, un evento que ha capturado la esencia del turismo estadounidense y ha fortalecido los lazos entre Estados Unidos y Am\u00e9rica del Sur. [&hellip;]<\/p>\n","protected":false},"author":4,"featured_media":1129632,"comment_status":"open","ping_status":"closed","sticky":false,"template":"","format":"standard","meta":{"om_disable_all_campaigns":false,"jnews-multi-image_gallery":[],"jnews_single_post":[],"jnews_primary_category":[],"jnews_social_meta":[],"footnotes":""},"categories":[40],"tags":[42216,261461,724,17436,7581,10386,74379,272648,544,545],"class_list":["post-1129631","post","type-post","status-publish","format-standard","has-post-thumbnail","hentry","category-industria","tag-brand-usa","tag-destinaciones","tag-eventos","tag-marketing-turistico","tag-promocion","tag-rio-de-janeiro","tag-south-america","tag-travel-week","tag-turismo","tag-viajes"],"_links":{"self":[{"href":"https:\/\/dimensionturistica.com\/es\/wp-json\/wp\/v2\/posts\/1129631","targetHints":{"allow":["GET"]}}],"collection":[{"href":"https:\/\/dimensionturistica.com\/es\/wp-json\/wp\/v2\/posts"}],"about":[{"href":"https:\/\/dimensionturistica.com\/es\/wp-json\/wp\/v2\/types\/post"}],"author":[{"embeddable":true,"href":"https:\/\/dimensionturistica.com\/es\/wp-json\/wp\/v2\/users\/4"}],"replies":[{"embeddable":true,"href":"https:\/\/dimensionturistica.com\/es\/wp-json\/wp\/v2\/comments?post=1129631"}],"version-history":[{"count":1,"href":"https:\/\/dimensionturistica.com\/es\/wp-json\/wp\/v2\/posts\/1129631\/revisions"}],"predecessor-version":[{"id":1129633,"href":"https:\/\/dimensionturistica.com\/es\/wp-json\/wp\/v2\/posts\/1129631\/revisions\/1129633"}],"wp:featuredmedia":[{"embeddable":true,"href":"https:\/\/dimensionturistica.com\/es\/wp-json\/wp\/v2\/media\/1129632"}],"wp:attachment":[{"href":"https:\/\/dimensionturistica.com\/es\/wp-json\/wp\/v2\/media?parent=1129631"}],"wp:term":[{"taxonomy":"category","embeddable":true,"href":"https:\/\/dimensionturistica.com\/es\/wp-json\/wp\/v2\/categories?post=1129631"},{"taxonomy":"post_tag","embeddable":true,"href":"https:\/\/dimensionturistica.com\/es\/wp-json\/wp\/v2\/tags?post=1129631"}],"curies":[{"name":"wp","href":"https:\/\/api.w.org\/{rel}","templated":true}]}}