{"id":1129516,"date":"2026-03-24T14:44:48","date_gmt":"2026-03-24T14:44:48","guid":{"rendered":"https:\/\/dimensionturistica.com\/es\/?p=1129516"},"modified":"2026-03-24T14:44:48","modified_gmt":"2026-03-24T14:44:48","slug":"viajes-economicos-para-personas-mayores-de-55-anos-iniciativa-del-gobierno-de-page","status":"publish","type":"post","link":"https:\/\/dimensionturistica.com\/es\/viajes-economicos-para-personas-mayores-de-55-anos-iniciativa-del-gobierno-de-page\/","title":{"rendered":"Viajes Econ\u00f3micos para Personas Mayores de 55 A\u00f1os: Iniciativa del Gobierno de Page"},"content":{"rendered":"<h3>La Nueva Iniciativa de Viajes Accesibles: Descubre el Mundo sin Romper tu Billetera<\/h3>\n<p>En un momento en que viajar se hab\u00eda convertido en un lujo reservado para unos pocos, surge una iniciativa que promete cambiar el panorama tur\u00edstico. El Gobierno de Castilla-La Mancha ha lanzado un programa innovador para facilitar el acceso a viajes asequibles para los mayores de 65 a\u00f1os. Con destinos tan diversos como India, Nueva York y Noruega, esta proposta busca no solo diversificar las opciones de ocio para las personas mayores, sino tambi\u00e9n impulsar un atractivo mercado tur\u00edstico.<\/p>\n<h4>Viajes que Enriquecen el Alma<\/h4>\n<p>Las oportunidades de viajar son un regalo que enriquece la vida, y este nuevo programa est\u00e1 dise\u00f1ado precisamente para ello. Las rutas incluyen destinos emblem\u00e1ticos y ex\u00f3ticos, donde la cultura, la historia y una impresionante belleza natural esperan ser exploradas. Imag\u00ednate pasear por las calles vibrantes de Nueva York, disfrutar de la arquitectura cl\u00e1sica de Noruega o sumergirte en la fascinante cultura de la India. Cada viaje no es solo una salida, sino una experiencia transformadora.<\/p>\n<h4>Beneficios Sociales y Culturales<\/h4>\n<p>Fomentar el turismo entre los mayores no solo beneficia a los viajeros, sino que tambi\u00e9n contribuye al bienestar general de la sociedad. Las interacciones entre distintas generaciones y nacionalidades enriquecen el tejido social, promueven el entendimiento multicultural y generan una econom\u00eda tur\u00edstica m\u00e1s robusta. Adem\u00e1s, viajar a una edad avanzada estimula la mente, mejora la condici\u00f3n f\u00edsica y proporciona una nueva perspectiva ante la vida.<\/p>\n<h4>Un Llamado a la Aventura<\/h4>\n<p>Este programa es un claro llamado a todos aquellos que piensan que ya es tarde para aventurarse. Viajar, independientemente de la edad, sigue siendo una de las mejores formas de dejar atr\u00e1s la rutina y reinventarse. La posibilidad de acceder a estos destinos sin un gran desgaste econ\u00f3mico es, sin lugar a dudas, una oportunidad que nadie deber\u00eda dejar pasar.<\/p>\n<h4>C\u00f3mo Participar<\/h4>\n<p>Para apostarle a esta oportunidad, solo es necesario estar en el grupo de edad especificado y mostrar un inter\u00e9s genuino por conocer el mundo. Con una buena planificaci\u00f3n y un esp\u00edritu abierto, los mayores de 65 pueden disfrutar de unas vacaciones inolvidables que los lleven a atravesar continentes y descubrir culturas.<\/p>\n<h4>Reflexiones Finales<\/h4>\n<p>En las pr\u00f3ximas semanas, los detalles sobre rutas, precios y fechas espec\u00edficos se estar\u00e1n afinando, por lo que es crucial mantenerse informado. Los secretos del mundo est\u00e1n esperando, y con estas propuestas, el cielo es el l\u00edmite. Viajar no tiene edad, y cada nuevo destino puede ser el inicio de una historia fascinante que a\u00fan est\u00e1 por escribirse. As\u00ed que prepara tu maleta y la c\u00e1mara; el mundo te espera y, con un poco de suerte, esta podr\u00eda ser la aventura que tanto has estado deseando. <\/p>\n<p>\u00bfListo para explorar? \u00a1Las nuevas experiencias de vida podr\u00edan estar a tan solo un vuelo de distancia!<\/p>\n<p><em> &#8221; Fuentes www.elespanol.com &#8221; <\/em><\/p>\n","protected":false},"excerpt":{"rendered":"<p>La Nueva Iniciativa de Viajes Accesibles: Descubre el Mundo sin Romper tu Billetera En un momento en que viajar se hab\u00eda convertido en un lujo reservado para unos pocos, surge una iniciativa que promete cambiar el panorama tur\u00edstico. El Gobierno de Castilla-La Mancha ha lanzado un programa innovador para facilitar el acceso a viajes asequibles [&hellip;]<\/p>\n","protected":false},"author":4,"featured_media":1129517,"comment_status":"open","ping_status":"closed","sticky":false,"template":"","format":"standard","meta":{"om_disable_all_campaigns":false,"jnews-multi-image_gallery":[],"jnews_single_post":[],"jnews_primary_category":[],"jnews_social_meta":[],"footnotes":""},"categories":[39],"tags":[272607,4507,272606,136662,9907,272608,544,545,92159,4058],"class_list":["post-1129516","post","type-post","status-publish","format-standard","has-post-thumbnail","hentry","category-viajes","tag-gobierno-de-page","tag-jubilados","tag-junta-de-comunidades-de-castilla-la-mancha","tag-mayores-de-55-anos","tag-ofertas-de-viajes","tag-plataformasy-programas","tag-turismo","tag-viajes","tag-viajes-accesibles","tag-viajes-baratos"],"_links":{"self":[{"href":"https:\/\/dimensionturistica.com\/es\/wp-json\/wp\/v2\/posts\/1129516","targetHints":{"allow":["GET"]}}],"collection":[{"href":"https:\/\/dimensionturistica.com\/es\/wp-json\/wp\/v2\/posts"}],"about":[{"href":"https:\/\/dimensionturistica.com\/es\/wp-json\/wp\/v2\/types\/post"}],"author":[{"embeddable":true,"href":"https:\/\/dimensionturistica.com\/es\/wp-json\/wp\/v2\/users\/4"}],"replies":[{"embeddable":true,"href":"https:\/\/dimensionturistica.com\/es\/wp-json\/wp\/v2\/comments?post=1129516"}],"version-history":[{"count":1,"href":"https:\/\/dimensionturistica.com\/es\/wp-json\/wp\/v2\/posts\/1129516\/revisions"}],"predecessor-version":[{"id":1129518,"href":"https:\/\/dimensionturistica.com\/es\/wp-json\/wp\/v2\/posts\/1129516\/revisions\/1129518"}],"wp:featuredmedia":[{"embeddable":true,"href":"https:\/\/dimensionturistica.com\/es\/wp-json\/wp\/v2\/media\/1129517"}],"wp:attachment":[{"href":"https:\/\/dimensionturistica.com\/es\/wp-json\/wp\/v2\/media?parent=1129516"}],"wp:term":[{"taxonomy":"category","embeddable":true,"href":"https:\/\/dimensionturistica.com\/es\/wp-json\/wp\/v2\/categories?post=1129516"},{"taxonomy":"post_tag","embeddable":true,"href":"https:\/\/dimensionturistica.com\/es\/wp-json\/wp\/v2\/tags?post=1129516"}],"curies":[{"name":"wp","href":"https:\/\/api.w.org\/{rel}","templated":true}]}}