{"id":1129474,"date":"2026-03-24T12:51:40","date_gmt":"2026-03-24T12:51:40","guid":{"rendered":"https:\/\/dimensionturistica.com\/es\/?p=1129474"},"modified":"2026-03-24T12:51:40","modified_gmt":"2026-03-24T12:51:40","slug":"lanzamiento-de-la-segunda-edicion-de-turismo-solidario-en-la-junta","status":"publish","type":"post","link":"https:\/\/dimensionturistica.com\/es\/lanzamiento-de-la-segunda-edicion-de-turismo-solidario-en-la-junta\/","title":{"rendered":"Lanzamiento de la segunda edici\u00f3n de &#8216;Turismo Solidario&#8217; en La Junta"},"content":{"rendered":"<h3>Descubre el Turismo Social: Una Oportunidad para Todos<\/h3>\n<p>El turismo social se ha convertido en una tendencia creciente que busca hacer del viajar una experiencia accesible para todas las personas, sin importar su situaci\u00f3n econ\u00f3mica o social. En este contexto, se ha presentado la segunda edici\u00f3n de un programa innovador que abre las puertas a estas vivencias para diferentes colectivos. Este enfoque no solo promueve el bienestar de quienes participan, sino que tambi\u00e9n fomenta un turismo m\u00e1s inclusivo y sostenible.<\/p>\n<h4>\u00bfQu\u00e9 es el Turismo Social?<\/h4>\n<p>El turismo social se define como aquellas iniciativas que permiten a personas que, por diversas razones, no pueden acceder a las ofertas tur\u00edsticas convencionales, disfrutar de viajes y estancias en diferentes destinos. Esto incluye a personas mayores, familias con recursos limitados y grupos en riesgo de exclusi\u00f3n social. La idea es democratizar el ocio y el turismo, convirti\u00e9ndolos en derechos accesibles para todos.<\/p>\n<p>Con el apoyo de diversas instituciones, la nueva edici\u00f3n del programa ha sido dise\u00f1ada con el objetivo de acercar la experiencia de viajar a aquellos que m\u00e1s lo necesitan. En esta ocasi\u00f3n, se ofrece una amplia variedad de destinos y actividades, adaptadas a las demandas de los diferentes grupos.<\/p>\n<h4>Beneficios para Todos<\/h4>\n<p>Una de las caracter\u00edsticas m\u00e1s destacadas de esta iniciativa es la posibilidad de generar un impacto positivo en las comunidades locales. Al fomentar el turismo en lugares menos visitados, se promueve el desarrollo econ\u00f3mico de esas \u00e1reas, lo que a su vez contribuye a la preservaci\u00f3n del patrimonio cultural y natural.<\/p>\n<p>Los turistas que participan en este tipo de programas no solo disfrutan de la oportunidad de escapar de la rutina, sino que tambi\u00e9n tienen la posibilidad de conocer y aprender sobre nuevas culturas y tradiciones. Esto no solo enriquece su experiencia personal, sino que tambi\u00e9n promueve un turismo responsable y consciente.<\/p>\n<h4>C\u00f3mo Participar<\/h4>\n<p>Para aquellos interesados en unirse a esta aventura, el proceso es sencillo. Las inscripciones est\u00e1n abiertas a diferentes colectivos, y las entidades encargadas de la organizaci\u00f3n se aseguran de que todos los detalles est\u00e9n cubiertos, desde el transporte hasta el alojamiento. Adem\u00e1s, se ofrecen alternativas que van desde escapadas de fin de semana hasta estancias m\u00e1s largas, adapt\u00e1ndose a las necesidades de cada grupo.<\/p>\n<p>Los interesados podr\u00e1n disfrutar de actividades variadas, que incluyen excursiones, visitas culturales y momentos de ocio, siempre con un enfoque de respeto y sostenibilidad. <\/p>\n<h4>Conclusi\u00f3n<\/h4>\n<p>El turismo social no solo brinda la oportunidad de conocer nuevos lugares, sino que tambi\u00e9n es un motor de cambio social. Con la segunda edici\u00f3n de esta propuesta, se abre un camino hacia un turismo m\u00e1s inclusivo y beneficioso para todos, donde cada viaje es una oportunidad para crear recuerdos y experiencias significativas. As\u00ed que, si buscas una manera de explorar el mundo y tambi\u00e9n contribuir al bienestar de otros, no pierdas la oportunidad de ser parte de esta fascinante experiencia. \u00a1El turismo social te est\u00e1 esperando!<\/p>\n<p><em> &#8221; Sources www.latribunadealbacete.es &#8221; <\/em><\/p>\n","protected":false},"excerpt":{"rendered":"<p>Descubre el Turismo Social: Una Oportunidad para Todos El turismo social se ha convertido en una tendencia creciente que busca hacer del viajar una experiencia accesible para todas las personas, sin importar su situaci\u00f3n econ\u00f3mica o social. En este contexto, se ha presentado la segunda edici\u00f3n de un programa innovador que abre las puertas a [&hellip;]<\/p>\n","protected":false},"author":4,"featured_media":1129475,"comment_status":"open","ping_status":"closed","sticky":false,"template":"","format":"standard","meta":{"om_disable_all_campaigns":false,"jnews-multi-image_gallery":[],"jnews_single_post":[],"jnews_primary_category":[],"jnews_social_meta":[],"footnotes":""},"categories":[40],"tags":[272599,5884,3240,662,770,724,78474,73555,76841,4645,544,3486,833],"class_list":["post-1129474","post","type-post","status-publish","format-standard","has-post-thumbnail","hentry","category-industria","tag-barbara-garcia-torijano","tag-castilla-la-mancha","tag-comunidad","tag-cultura","tag-espana","tag-eventos","tag-la-junta","tag-residencias-de-mayores","tag-segunda-edicion","tag-social","tag-turismo","tag-turismo-social","tag-union-europea"],"_links":{"self":[{"href":"https:\/\/dimensionturistica.com\/es\/wp-json\/wp\/v2\/posts\/1129474","targetHints":{"allow":["GET"]}}],"collection":[{"href":"https:\/\/dimensionturistica.com\/es\/wp-json\/wp\/v2\/posts"}],"about":[{"href":"https:\/\/dimensionturistica.com\/es\/wp-json\/wp\/v2\/types\/post"}],"author":[{"embeddable":true,"href":"https:\/\/dimensionturistica.com\/es\/wp-json\/wp\/v2\/users\/4"}],"replies":[{"embeddable":true,"href":"https:\/\/dimensionturistica.com\/es\/wp-json\/wp\/v2\/comments?post=1129474"}],"version-history":[{"count":1,"href":"https:\/\/dimensionturistica.com\/es\/wp-json\/wp\/v2\/posts\/1129474\/revisions"}],"predecessor-version":[{"id":1129476,"href":"https:\/\/dimensionturistica.com\/es\/wp-json\/wp\/v2\/posts\/1129474\/revisions\/1129476"}],"wp:featuredmedia":[{"embeddable":true,"href":"https:\/\/dimensionturistica.com\/es\/wp-json\/wp\/v2\/media\/1129475"}],"wp:attachment":[{"href":"https:\/\/dimensionturistica.com\/es\/wp-json\/wp\/v2\/media?parent=1129474"}],"wp:term":[{"taxonomy":"category","embeddable":true,"href":"https:\/\/dimensionturistica.com\/es\/wp-json\/wp\/v2\/categories?post=1129474"},{"taxonomy":"post_tag","embeddable":true,"href":"https:\/\/dimensionturistica.com\/es\/wp-json\/wp\/v2\/tags?post=1129474"}],"curies":[{"name":"wp","href":"https:\/\/api.w.org\/{rel}","templated":true}]}}