{"id":1129408,"date":"2026-03-24T09:58:56","date_gmt":"2026-03-24T09:58:56","guid":{"rendered":"https:\/\/dimensionturistica.com\/es\/?p=1129408"},"modified":"2026-03-24T09:58:56","modified_gmt":"2026-03-24T09:58:56","slug":"la-reserva-previa-mitiga-el-impacto-del-conflicto-en-oriente-medio-en-las-agencias","status":"publish","type":"post","link":"https:\/\/dimensionturistica.com\/es\/la-reserva-previa-mitiga-el-impacto-del-conflicto-en-oriente-medio-en-las-agencias\/","title":{"rendered":"La reserva previa mitiga el impacto del conflicto en Oriente Medio en las agencias"},"content":{"rendered":"<h3>La Recuperaci\u00f3n Tur\u00edstica en Semana Santa: Un Revulsivo para el Sector<\/h3>\n<p>Con la llegada de la Semana Santa, el sector tur\u00edstico se prepara para vivir uno de los momentos m\u00e1s esperados del a\u00f1o. Pese a los desaf\u00edos globales que han afectado a destinos como Oriente Medio y las repercusiones de la pandemia, las perspectivas son inesperadamente optimistas gracias a la anticipaci\u00f3n en las reservas, un fen\u00f3meno que ha cobrado fuerza y que promete revitalizar la industria.<\/p>\n<p>Los viajeros est\u00e1n mostrando un claro inter\u00e9s por aprovechar la Semana Santa para desconectar de la rutina y disfrutar de escapadas. Este deseo de viajar, sumado al incremento de reservas anticipadas, ha tra\u00eddo un aire de esperanza para agencias de viajes y operadores tur\u00edsticos. La planificaci\u00f3n anticipada, que se hab\u00eda convertido en una pr\u00e1ctica habitual durante los a\u00f1os de inestabilidad, ha vuelto a ser clave. <\/p>\n<p>El an\u00e1lisis de las tendencias actuales sugiere que, mientras algunos destinos enfrentan desaf\u00edos, otros est\u00e1n viendo un incremento en la demanda. Las reservas han comenzado a tomar forma, y muchos viajeros apuestan por escapar a lugares soleados y culturales, donde puedan disfrutar de una combinaci\u00f3n de relajaci\u00f3n y exploraci\u00f3n. Espa\u00f1a, con su rica herencia cultural y tradiciones vibrantes, se sit\u00faa como uno de los destinos favoritos. <\/p>\n<p>El aumento en las reservas, especialmente en paquetes completos que incluyen vuelos, alojamiento y actividades, ha superado las expectativas de muchos. Esta tendencia no solo beneficia a las agencias, sino que tambi\u00e9n impulsa a hoteles y restaurantes, que se preparan para recibir a una afluencia considerable de visitantes. <\/p>\n<p>Adem\u00e1s, los datos revelan que los turistas est\u00e1n dispuestos a invertir en experiencias \u00fanicas, priorizando el turismo sostenible y las actividades locales. Se observa un giro hacia opciones que permitan disfrutar de la naturaleza y la cultura del destino elegido, lo que a su vez promueve pr\u00e1cticas responsables y contribuye a la econom\u00eda local.<\/p>\n<p>Sin embargo, no todo es sencillo. Algunos destinos todav\u00eda enfrentan el reto de la recuperaci\u00f3n completa, y la incertidumbre global plantea preguntas sobre c\u00f3mo podr\u00eda evolucionar el panorama en el futuro. A pesar de ello, la resiliencia del sector tur\u00edstico se ha puesto de manifiesto, demostrando que con adaptaci\u00f3n y creatividad, los agentes pueden navegar por tiempos dif\u00edciles.<\/p>\n<p>En este contexto, se vuelve esencial que tanto destinos como agencias de viajes sigan apostando por la innovaci\u00f3n y la mejora continua de la experiencia del viajero. Desde la implementaci\u00f3n de tecnolog\u00edas digitales hasta la creaci\u00f3n de itinerarios personalizados, estas estrategias son clave para atraer y fidelizar a los turistas.<\/p>\n<p>La Semana Santa de este a\u00f1o se perfilaba como un indicador en la recuperaci\u00f3n del turismo. Si las tendencias actuales contin\u00faan, podr\u00edamos estar al borde de una revitalizaci\u00f3n que no solo beneficiar\u00e1 a la industria, sino que tambi\u00e9n permitir\u00e1 a las personas reconectar con aquello que hace que viajar sea una experiencia tan enriquecedora: la diversidad cultural, el descubrimiento y la creaci\u00f3n de recuerdos imborrables.<\/p>\n<p>En definitiva, disfrutar de la Semana Santa en un entorno seguro y estimulante se alza como un s\u00edmbolo de la esperanza y la recuperaci\u00f3n del turismo, un sector que, pese a los reveses, sigue demostrando su capacidad de adaptaci\u00f3n y su relevancia en la vida de las personas. Con la mirada puesta en un futuro brillante, viajemos para redescubrir el mundo juntos.<\/p>\n<p><em> &#8221; Sources www.hosteltur.com &#8221; <\/em><\/p>\n","protected":false},"excerpt":{"rendered":"<p>La Recuperaci\u00f3n Tur\u00edstica en Semana Santa: Un Revulsivo para el Sector Con la llegada de la Semana Santa, el sector tur\u00edstico se prepara para vivir uno de los momentos m\u00e1s esperados del a\u00f1o. Pese a los desaf\u00edos globales que han afectado a destinos como Oriente Medio y las repercusiones de la pandemia, las perspectivas son [&hellip;]<\/p>\n","protected":false},"author":4,"featured_media":1129409,"comment_status":"open","ping_status":"closed","sticky":false,"template":"","format":"standard","meta":{"om_disable_all_campaigns":false,"jnews-multi-image_gallery":[],"jnews_single_post":[],"jnews_primary_category":[],"jnews_social_meta":[],"footnotes":""},"categories":[40],"tags":[1161,1230,572,715,31342,10057,46193,103148,5725,142309,35820,1865,2946,544,35821],"class_list":["post-1129408","post","type-post","status-publish","format-standard","has-post-thumbnail","hentry","category-industria","tag-agencias","tag-ceav","tag-distribucion","tag-economia","tag-impacto-economico","tag-jose-manuel-lastra","tag-largo-radio","tag-mercado-turistico","tag-oriente-medio","tag-previsiones-semana-santa","tag-reserva-anticipada","tag-reservas","tag-semana-santa","tag-turismo","tag-venta-anticipada"],"_links":{"self":[{"href":"https:\/\/dimensionturistica.com\/es\/wp-json\/wp\/v2\/posts\/1129408","targetHints":{"allow":["GET"]}}],"collection":[{"href":"https:\/\/dimensionturistica.com\/es\/wp-json\/wp\/v2\/posts"}],"about":[{"href":"https:\/\/dimensionturistica.com\/es\/wp-json\/wp\/v2\/types\/post"}],"author":[{"embeddable":true,"href":"https:\/\/dimensionturistica.com\/es\/wp-json\/wp\/v2\/users\/4"}],"replies":[{"embeddable":true,"href":"https:\/\/dimensionturistica.com\/es\/wp-json\/wp\/v2\/comments?post=1129408"}],"version-history":[{"count":1,"href":"https:\/\/dimensionturistica.com\/es\/wp-json\/wp\/v2\/posts\/1129408\/revisions"}],"predecessor-version":[{"id":1129410,"href":"https:\/\/dimensionturistica.com\/es\/wp-json\/wp\/v2\/posts\/1129408\/revisions\/1129410"}],"wp:featuredmedia":[{"embeddable":true,"href":"https:\/\/dimensionturistica.com\/es\/wp-json\/wp\/v2\/media\/1129409"}],"wp:attachment":[{"href":"https:\/\/dimensionturistica.com\/es\/wp-json\/wp\/v2\/media?parent=1129408"}],"wp:term":[{"taxonomy":"category","embeddable":true,"href":"https:\/\/dimensionturistica.com\/es\/wp-json\/wp\/v2\/categories?post=1129408"},{"taxonomy":"post_tag","embeddable":true,"href":"https:\/\/dimensionturistica.com\/es\/wp-json\/wp\/v2\/tags?post=1129408"}],"curies":[{"name":"wp","href":"https:\/\/api.w.org\/{rel}","templated":true}]}}