{"id":1129367,"date":"2026-03-24T08:06:30","date_gmt":"2026-03-24T08:06:30","guid":{"rendered":"https:\/\/dimensionturistica.com\/es\/?p=1129367"},"modified":"2026-03-24T08:06:30","modified_gmt":"2026-03-24T08:06:30","slug":"moana-en-accion-real-fecha-de-lanzamiento-elenco-y-avance","status":"publish","type":"post","link":"https:\/\/dimensionturistica.com\/es\/moana-en-accion-real-fecha-de-lanzamiento-elenco-y-avance\/","title":{"rendered":"Moana en Acci\u00f3n Real: Fecha de Lanzamiento, Elenco y Avance"},"content":{"rendered":"<h3>El Renacer de Moana: La Magia del Live Action<\/h3>\n<p>En un mundo donde los cl\u00e1sicos de la animaci\u00f3n est\u00e1n recibiendo una nueva vida a trav\u00e9s de la adaptaci\u00f3n en formato live action, el personaje de Moana se erige como un \u00edcono de empoderamiento, diversidad y conexi\u00f3n con la cultura polinesia. Este pr\u00f3ximo proyecto promete llevar al p\u00fablico a un viaje inolvidable, no solo visualmente, sino tambi\u00e9n emocionalmente.<\/p>\n<p><strong>Un Viaje \u00c9pico al Mar<\/strong><\/p>\n<p>La historia de Moana es un canto a la valent\u00eda y la autosuficiencia. La joven protagonista, que anhela explorar m\u00e1s all\u00e1 de las aguas que rodean su hogar, simboliza la b\u00fasqueda de identidad y los lazos ancestrales. En esta adaptaci\u00f3n, la cinematograf\u00eda busca capturar la esencia del oc\u00e9ano y la magia que emana de su vastedad. Las im\u00e1genes y la escenograf\u00eda prometen ser deslumbrantes, llevando al espectador no solo a un viaje f\u00edsico, sino tambi\u00e9n emocional.<\/p>\n<p><strong>Rostros Nuevos y Talentosos<\/strong><\/p>\n<p>Uno de los aspectos m\u00e1s emocionantes de esta producci\u00f3n es el elenco. Se han elegido actores que no solo aportan talento, sino tambi\u00e9n un profundo respeto por la cultura que representan. La autenticidad es crucial en esta narraci\u00f3n, y ver a artistas de diversas ra\u00edces culturales traer\u00e1 una frescura y credibilidad al proyecto. Esta decisi\u00f3n no solo enriquece la narrativa, sino que tambi\u00e9n resuena con la audiencia de hoy, que busca representatividad en la pantalla.<\/p>\n<p><strong>La Moda como un Personaje M\u00e1s<\/strong><\/p>\n<p>Uno de los elementos m\u00e1s fascinantes de la adaptaci\u00f3n live action de Moana es c\u00f3mo la moda jugar\u00e1 un papel pivotal en contar la historia. Los vestuarios, que se dise\u00f1ar\u00e1n meticulosamente, estar\u00e1n inspirados en la rica cultura de las islas del Pac\u00edfico. Cada prenda no solo ser\u00e1 un reflejo est\u00e9tico sino tambi\u00e9n un homenaje a la herencia cultural. La moda, en este caso, se convierte en un veh\u00edculo para transmitir valores y tradiciones, uniendo el pasado y el presente.<\/p>\n<p><strong>\u00c9xito en el Epicentro de la Cultura Pop<\/strong><\/p>\n<p>El fen\u00f3meno de Moana ha trascendido las pantallas. Su m\u00fasica, sus mensajes de empoderamiento y su fuerte conexi\u00f3n cultural la han convertido en un s\u00edmbolo en la cultura pop contempor\u00e1nea. La anticipaci\u00f3n por esta nueva versi\u00f3n no solo se basa en la nostalgia, sino en el deseo de ver una representaci\u00f3n aut\u00e9ntica que inspire a nuevas generaciones. <\/p>\n<p><strong>Expectativas y Proyecciones<\/strong><\/p>\n<p>Las expectativas para el live action de Moana son altas. Los seguidores de la pel\u00edcula original, as\u00ed como de las producciones modernas de Disney, est\u00e1n ansiosos por ver c\u00f3mo se interpretar\u00e1 la historia y se reflejar\u00e1n los elementos visuales. La interacci\u00f3n entre el p\u00fablico y la historia es fundamental, y esta adaptaci\u00f3n busca generar un di\u00e1logo sobre temas actuales y pertinentes.<\/p>\n<h3>El Futuro de las Adaptaciones<\/h3>\n<p>En un panorama donde las adaptaciones est\u00e1n a la orden del d\u00eda, el live action de Moana representa un paso hacia adelante en la representaci\u00f3n cultural y la innovaci\u00f3n narrativa. La promesa de un relato visualmente impactante y culturalmente resonante est\u00e1 en el horizonte, invitando a todos a zambullirse en esta nueva aventura. Sin duda, el renacer de Moana ser\u00e1 un evento a seguir, marcando no solo tendencias en moda y cine, sino tambi\u00e9n formando parte del legado cultural colectivo. <\/p>\n<p>As\u00ed, la magia del oc\u00e9ano y el esp\u00edritu indomable de Moana vuelven a tomar su lugar en el coraz\u00f3n de los espectadores, prepar\u00e1ndolos para un viaje que, aunque reencontrado, se siente eternamente nuevo.<\/p>\n<p><em> &#8221; Fuentes www.vogue.mx &#8221; <\/em><\/p>\n","protected":false},"excerpt":{"rendered":"<p>El Renacer de Moana: La Magia del Live Action En un mundo donde los cl\u00e1sicos de la animaci\u00f3n est\u00e1n recibiendo una nueva vida a trav\u00e9s de la adaptaci\u00f3n en formato live action, el personaje de Moana se erige como un \u00edcono de empoderamiento, diversidad y conexi\u00f3n con la cultura polinesia. Este pr\u00f3ximo proyecto promete llevar [&hellip;]<\/p>\n","protected":false},"author":14,"featured_media":1129368,"comment_status":"open","ping_status":"closed","sticky":false,"template":"","format":"standard","meta":{"om_disable_all_campaigns":false,"jnews-multi-image_gallery":[],"jnews_single_post":[],"jnews_primary_category":[],"jnews_social_meta":[],"footnotes":""},"categories":[144872],"tags":[13311,13687,875,3222,209068,69951,13406,10526,8065,2411,94985,23667,21568],"class_list":["post-1129367","post","type-post","status-publish","format-standard","has-post-thumbnail","hentry","category-fashion","tag-animacion","tag-aventura","tag-cine","tag-disney","tag-fecha-de-estreno","tag-live-action","tag-moana","tag-musical","tag-pelicula","tag-peliculas","tag-remake","tag-reparto","tag-trailer"],"_links":{"self":[{"href":"https:\/\/dimensionturistica.com\/es\/wp-json\/wp\/v2\/posts\/1129367","targetHints":{"allow":["GET"]}}],"collection":[{"href":"https:\/\/dimensionturistica.com\/es\/wp-json\/wp\/v2\/posts"}],"about":[{"href":"https:\/\/dimensionturistica.com\/es\/wp-json\/wp\/v2\/types\/post"}],"author":[{"embeddable":true,"href":"https:\/\/dimensionturistica.com\/es\/wp-json\/wp\/v2\/users\/14"}],"replies":[{"embeddable":true,"href":"https:\/\/dimensionturistica.com\/es\/wp-json\/wp\/v2\/comments?post=1129367"}],"version-history":[{"count":1,"href":"https:\/\/dimensionturistica.com\/es\/wp-json\/wp\/v2\/posts\/1129367\/revisions"}],"predecessor-version":[{"id":1129369,"href":"https:\/\/dimensionturistica.com\/es\/wp-json\/wp\/v2\/posts\/1129367\/revisions\/1129369"}],"wp:featuredmedia":[{"embeddable":true,"href":"https:\/\/dimensionturistica.com\/es\/wp-json\/wp\/v2\/media\/1129368"}],"wp:attachment":[{"href":"https:\/\/dimensionturistica.com\/es\/wp-json\/wp\/v2\/media?parent=1129367"}],"wp:term":[{"taxonomy":"category","embeddable":true,"href":"https:\/\/dimensionturistica.com\/es\/wp-json\/wp\/v2\/categories?post=1129367"},{"taxonomy":"post_tag","embeddable":true,"href":"https:\/\/dimensionturistica.com\/es\/wp-json\/wp\/v2\/tags?post=1129367"}],"curies":[{"name":"wp","href":"https:\/\/api.w.org\/{rel}","templated":true}]}}