{"id":1129324,"date":"2026-03-24T06:24:46","date_gmt":"2026-03-24T06:24:46","guid":{"rendered":"https:\/\/dimensionturistica.com\/es\/?p=1129324"},"modified":"2026-03-24T06:24:46","modified_gmt":"2026-03-24T06:24:46","slug":"cuatro-lecciones-esenciales-del-tokyo-fashion-week-otono-invierno-26","status":"publish","type":"post","link":"https:\/\/dimensionturistica.com\/es\/cuatro-lecciones-esenciales-del-tokyo-fashion-week-otono-invierno-26\/","title":{"rendered":"Cuatro Lecciones Esenciales del Tokyo Fashion Week Oto\u00f1o-Invierno 26"},"content":{"rendered":"<h1>Tendencias Clave de la Semana de la Moda de Tokio Oto\u00f1o-Invierno 2026<\/h1>\n<p>La Semana de la Moda de Tokio ha deslumbrado nuevamente, presentando una vitrina ecl\u00e9ctica de lo \u00faltimo en tendencias y estilo. Las propuestas de diferentes dise\u00f1adores han revelado una rica narrativa que fusiona la tradici\u00f3n y la modernidad, dando forma a lo que veremos en las calles en los pr\u00f3ximos meses. A continuaci\u00f3n, exploramos cuatro aspectos destacados que marcan la pauta en este evento internacional.<\/p>\n<h2>1. Revitalizaci\u00f3n del Estilo Cl\u00e1sico<\/h2>\n<p>Una de las tendencias m\u00e1s notorias ha sido la reinterpretaci\u00f3n de cl\u00e1sicos atemporales. Los dise\u00f1adores han incorporado siluetas tradicionales y las han refrescado con accesorios contempor\u00e1neos. Chaquetas estructuradas, faldas midi y prendas de lana han sido vistos en pasarelas, mostrando que lo esencial nunca pasa de moda. Esta temporada, se promueve un vestuario que celebra la elegancia sin esfuerzo y el confort, ideal para un estilo de vida activo.<\/p>\n<h2>2. Colores Terrosos y Texturas Naturales<\/h2>\n<p>Los tonos naturales han tomado el escenario, con paletas que van desde los c\u00e1lidos beige y marrones hasta los verdes musgo. Esta elecci\u00f3n crom\u00e1tica no solo refleja una conexi\u00f3n con la tierra, sino que tambi\u00e9n apela a un estilo de vida sostenible. Las texturas naturales, como el algod\u00f3n org\u00e1nico y la lana, no solo aportan est\u00e9tica, sino que tambi\u00e9n enfatizan una responsabilidad ambiental en la moda. Este enfoque en lo organic resulta atractivo para una generaci\u00f3n que busca compras m\u00e1s conscientes.<\/p>\n<h2>3. Innovaci\u00f3n en Materiales<\/h2>\n<p>La Semana de la Moda de Tokio ha sido un campo experimental, donde muchos dise\u00f1adores han desafiado las convenciones utilizando materiales innovadores. Desde tejidos reciclados hasta tecnolog\u00eda wearable, la moda se presenta cada vez m\u00e1s como una fusi\u00f3n entre arte y ciencia. Los accesorios tambi\u00e9n han dejado huella, con piezas que no solo son ornamentales sino funcionales, integrando gadgets que elevan la experiencia del usuario.<\/p>\n<h2>4. Influencias Culturales Globales<\/h2>\n<p>Este a\u00f1o, la pasarela ha sido un espacio para celebrar la diversidad cultural. Las influencias de diferentes tradiciones han encontrado su camino en las colecciones, mostrando estilos \u00fanicos que van m\u00e1s all\u00e1 de las fronteras. Elementos inspirados en la cultura pop, el arte urbano y las herencias tradicionales se han entrelazado, resultando en un estilo que honra sus or\u00edgenes mientras mira hacia el futuro.<\/p>\n<h3>Futuro Brillante<\/h3>\n<p>La Semana de la Moda de Tokio no solo establece tendencias, sino que tambi\u00e9n act\u00faa como un espejo de la evoluci\u00f3n de la sociedad y sus valores. A medida que el mundo de la moda contin\u00faa adapt\u00e1ndose, la intersecci\u00f3n de sostenibilidad, innovaci\u00f3n y diversidad cultural apenas comienza a mostrar su verdadero potencial. Mantente al tanto, porque lo que acontece en Tokio seguramente influir\u00e1 en la moda global. \u00a1No te lo querr\u00e1s perder!<\/p>\n<p><em> &#8221; Fuentes www.vogue.com &#8221; <\/em><\/p>\n","protected":false},"excerpt":{"rendered":"<p>Tendencias Clave de la Semana de la Moda de Tokio Oto\u00f1o-Invierno 2026 La Semana de la Moda de Tokio ha deslumbrado nuevamente, presentando una vitrina ecl\u00e9ctica de lo \u00faltimo en tendencias y estilo. Las propuestas de diferentes dise\u00f1adores han revelado una rica narrativa que fusiona la tradici\u00f3n y la modernidad, dando forma a lo que [&hellip;]<\/p>\n","protected":false},"author":14,"featured_media":1129325,"comment_status":"open","ping_status":"closed","sticky":false,"template":"","format":"standard","meta":{"om_disable_all_campaigns":false,"jnews-multi-image_gallery":[],"jnews_single_post":[],"jnews_primary_category":[],"jnews_social_meta":[],"footnotes":""},"categories":[144872],"tags":[210587,29821,166,260909,88749,69354,94447,372,120527,272549,6194],"class_list":["post-1129324","post","type-post","status-publish","format-standard","has-post-thumbnail","hentry","category-fashion","tag-autumn-winter","tag-design","tag-fashion","tag-fw26","tag-highlights","tag-latest","tag-runway","tag-style","tag-takeaways","tag-tokyo-fashion-week","tag-trends"],"_links":{"self":[{"href":"https:\/\/dimensionturistica.com\/es\/wp-json\/wp\/v2\/posts\/1129324","targetHints":{"allow":["GET"]}}],"collection":[{"href":"https:\/\/dimensionturistica.com\/es\/wp-json\/wp\/v2\/posts"}],"about":[{"href":"https:\/\/dimensionturistica.com\/es\/wp-json\/wp\/v2\/types\/post"}],"author":[{"embeddable":true,"href":"https:\/\/dimensionturistica.com\/es\/wp-json\/wp\/v2\/users\/14"}],"replies":[{"embeddable":true,"href":"https:\/\/dimensionturistica.com\/es\/wp-json\/wp\/v2\/comments?post=1129324"}],"version-history":[{"count":1,"href":"https:\/\/dimensionturistica.com\/es\/wp-json\/wp\/v2\/posts\/1129324\/revisions"}],"predecessor-version":[{"id":1129326,"href":"https:\/\/dimensionturistica.com\/es\/wp-json\/wp\/v2\/posts\/1129324\/revisions\/1129326"}],"wp:featuredmedia":[{"embeddable":true,"href":"https:\/\/dimensionturistica.com\/es\/wp-json\/wp\/v2\/media\/1129325"}],"wp:attachment":[{"href":"https:\/\/dimensionturistica.com\/es\/wp-json\/wp\/v2\/media?parent=1129324"}],"wp:term":[{"taxonomy":"category","embeddable":true,"href":"https:\/\/dimensionturistica.com\/es\/wp-json\/wp\/v2\/categories?post=1129324"},{"taxonomy":"post_tag","embeddable":true,"href":"https:\/\/dimensionturistica.com\/es\/wp-json\/wp\/v2\/tags?post=1129324"}],"curies":[{"name":"wp","href":"https:\/\/api.w.org\/{rel}","templated":true}]}}