{"id":1129293,"date":"2026-03-24T05:00:59","date_gmt":"2026-03-24T05:00:59","guid":{"rendered":"https:\/\/dimensionturistica.com\/es\/?p=1129293"},"modified":"2026-03-24T05:00:59","modified_gmt":"2026-03-24T05:00:59","slug":"el-turismo-frente-a-la-adversidad-auge-en-las-reservas-de-semana-santa-por-el-desvio-de-viajeros-a-espana","status":"publish","type":"post","link":"https:\/\/dimensionturistica.com\/es\/el-turismo-frente-a-la-adversidad-auge-en-las-reservas-de-semana-santa-por-el-desvio-de-viajeros-a-espana\/","title":{"rendered":"El turismo frente a la adversidad: auge en las reservas de Semana Santa por el desv\u00edo de viajeros a Espa\u00f1a."},"content":{"rendered":"<h3>El Renacer del Turismo en Espa\u00f1a: Semana Santa como Destino Ineludible<\/h3>\n<p>La Semana Santa se perfila como una de las \u00e9pocas m\u00e1s esperadas del a\u00f1o por los viajeros, y este 2023 no ser\u00e1 la excepci\u00f3n. A pesar de las turbulencias internacionales y los conflictos en algunas regiones del mundo que podr\u00edan haber desalentado a los turistas, Espa\u00f1a se ha convertido en el refugio elegido por aquellas almas en busca de cultura, tradici\u00f3n y destinos llenos de encanto.<\/p>\n<h4>Desv\u00edo de Viajeros<\/h4>\n<p>Las crisis globales han llevado a muchos a reconsiderar sus planes de viaje. Hoteles y agencias de turismo est\u00e1n reportando un notable aumento en las reservas para Espa\u00f1a, lo que sugiere que, ante la incertidumbre, los viajeros buscan una experiencia segura y rica en historia. Con un ambiente festivo y una oferta cultural incomparable, el pa\u00eds ib\u00e9rico se erige como el destino ideal para aquellos que desean escapar de la rutina diaria y disfrutar de una Semana Santa \u00fanica.<\/p>\n<h4>Tradiciones que Atraen<\/h4>\n<p>Desde las emblem\u00e1ticas procesiones que se desarrollan en ciudades como Sevilla y M\u00e1laga, hasta el esplendor de las tradiciones menos conocidas en municipios m\u00e1s peque\u00f1os, Espa\u00f1a ofrece una diversidad de experiencias que atraen a miles de visitantes cada a\u00f1o. La Semana Santa es un tiempo en el que los pueblos y ciudades se visten de gala: pasos, mantillas, y aromas de la gastronom\u00eda local crean una atm\u00f3sfera indescriptible.<\/p>\n<p>Las reservas en hoteles y restaurantes han aumentado considerablemente, y muchos viajeros est\u00e1n planeando itinerarios que incluyen desde la visita a obras maestras del arte religioso hasta degustaciones de deliciosos platos t\u00edpicos como el bacalao o las torrijas, postre estrella de estas fechas.<\/p>\n<h4>El Turismo como Motor Econ\u00f3mico<\/h4>\n<p>El renacer del turismo en esta temporada no solo beneficia a los viajeros, sino tambi\u00e9n a la econom\u00eda local. Con una creciente reactivaci\u00f3n, se espera que el sector aporte significativamente a la recuperaci\u00f3n econ\u00f3mica del pa\u00eds. Las peque\u00f1as y medianas empresas del sector servicios, que suelen ser las m\u00e1s vulnerables en tiempos de crisis, est\u00e1n viendo una luz al final del t\u00fanel gracias a la recuperaci\u00f3n de visitantes.<\/p>\n<h4>Un Futuro Prometedor<\/h4>\n<p>Mirando hacia el futuro, las perspectivas son alentadoras. El pa\u00eds sigue posicion\u00e1ndose como un destino seguro gracias a la continua mejora en las condiciones sanitarias y la disposici\u00f3n de las autoridades para esforzarse en mantener la seguridad de los visitantes. <\/p>\n<p>Adem\u00e1s, se prev\u00e9 que otros eventos culturales y festivales a lo largo del a\u00f1o tambi\u00e9n atraer\u00e1n un flujo constante de turistas que buscan vivir experiencias aut\u00e9nticas y memorables.<\/p>\n<h4>Conclusi\u00f3n<\/h4>\n<p>Este 2023, la Semana Santa en Espa\u00f1a promete ser un claro ejemplo de c\u00f3mo el turismo puede adaptarse y prosperar, incluso en medio de adversidades. Con una oferta rica en cultura, tradiciones y hospitalidad, no hay duda de que Espa\u00f1a sigue siendo un destino ineludible para aquellos que buscan sumergirse en una experiencia \u00fanica. As\u00ed, los viajeros de todo el mundo est\u00e1n llamados a redescubrir los encantos de esta tierra llena de historia y pasi\u00f3n, convirtiendo sus reservas en memorias inolvidables. \u00a1Bienvenidos a Espa\u00f1a, donde la tradici\u00f3n y la modernidad se dan la mano en cada rinc\u00f3n!<\/p>\n<p><em> &#8221; Sources www.20minutos.es &#8221; <\/em><\/p>\n","protected":false},"excerpt":{"rendered":"<p>El Renacer del Turismo en Espa\u00f1a: Semana Santa como Destino Ineludible La Semana Santa se perfila como una de las \u00e9pocas m\u00e1s esperadas del a\u00f1o por los viajeros, y este 2023 no ser\u00e1 la excepci\u00f3n. A pesar de las turbulencias internacionales y los conflictos en algunas regiones del mundo que podr\u00edan haber desalentado a los [&hellip;]<\/p>\n","protected":false},"author":4,"featured_media":1129294,"comment_status":"open","ping_status":"closed","sticky":false,"template":"","format":"standard","meta":{"om_disable_all_campaigns":false,"jnews-multi-image_gallery":[],"jnews_single_post":[],"jnews_primary_category":[],"jnews_social_meta":[],"footnotes":""},"categories":[40],"tags":[7425,272544,770,1865,3813,2849,2946,544],"class_list":["post-1129293","post","type-post","status-publish","format-standard","has-post-thumbnail","hentry","category-industria","tag-conflicto","tag-desvio-de-viajeros","tag-espana","tag-reservas","tag-santa","tag-semana","tag-semana-santa","tag-turismo"],"_links":{"self":[{"href":"https:\/\/dimensionturistica.com\/es\/wp-json\/wp\/v2\/posts\/1129293","targetHints":{"allow":["GET"]}}],"collection":[{"href":"https:\/\/dimensionturistica.com\/es\/wp-json\/wp\/v2\/posts"}],"about":[{"href":"https:\/\/dimensionturistica.com\/es\/wp-json\/wp\/v2\/types\/post"}],"author":[{"embeddable":true,"href":"https:\/\/dimensionturistica.com\/es\/wp-json\/wp\/v2\/users\/4"}],"replies":[{"embeddable":true,"href":"https:\/\/dimensionturistica.com\/es\/wp-json\/wp\/v2\/comments?post=1129293"}],"version-history":[{"count":1,"href":"https:\/\/dimensionturistica.com\/es\/wp-json\/wp\/v2\/posts\/1129293\/revisions"}],"predecessor-version":[{"id":1129295,"href":"https:\/\/dimensionturistica.com\/es\/wp-json\/wp\/v2\/posts\/1129293\/revisions\/1129295"}],"wp:featuredmedia":[{"embeddable":true,"href":"https:\/\/dimensionturistica.com\/es\/wp-json\/wp\/v2\/media\/1129294"}],"wp:attachment":[{"href":"https:\/\/dimensionturistica.com\/es\/wp-json\/wp\/v2\/media?parent=1129293"}],"wp:term":[{"taxonomy":"category","embeddable":true,"href":"https:\/\/dimensionturistica.com\/es\/wp-json\/wp\/v2\/categories?post=1129293"},{"taxonomy":"post_tag","embeddable":true,"href":"https:\/\/dimensionturistica.com\/es\/wp-json\/wp\/v2\/tags?post=1129293"}],"curies":[{"name":"wp","href":"https:\/\/api.w.org\/{rel}","templated":true}]}}