{"id":1129164,"date":"2026-03-23T23:13:47","date_gmt":"2026-03-23T23:13:47","guid":{"rendered":"https:\/\/dimensionturistica.com\/es\/?p=1129164"},"modified":"2026-03-23T23:13:47","modified_gmt":"2026-03-23T23:13:47","slug":"perspectivas-para-la-semana-santa-2026-y-la-problematica-del-ave","status":"publish","type":"post","link":"https:\/\/dimensionturistica.com\/es\/perspectivas-para-la-semana-santa-2026-y-la-problematica-del-ave\/","title":{"rendered":"Perspectivas para la Semana Santa 2026 y la problem\u00e1tica del AVE"},"content":{"rendered":"<h3>Semana Santa: Un Tiempo de Esperanza para el Turismo<\/h3>\n<p>Con la llegada de la Semana Santa, el sector tur\u00edstico se encuentra en un momento clave, entre la incertidumbre y la esperanza. Esta festividad, que atrae a millones de viajeros, se convierte en un term\u00f3metro para medir c\u00f3mo se recupera la industria tras periodos dif\u00edciles. Este a\u00f1o, el panorama es cambiante, pero ofrece se\u00f1ales positivas que invitan a la reflexi\u00f3n y a la planificaci\u00f3n.<\/p>\n<h4>El Renacer del Turismo<\/h4>\n<p>A medida que avanzan las vacunaciones y se levantan las restricciones, el turismo comienza a resurgir con fuerza. Las agencias de viajes, que durante los \u00faltimos a\u00f1os han enfrentado desaf\u00edos sin precedentes, ahora observan un aumento en las reservas. La Semana Santa no solo representa un momento de reflexi\u00f3n religiosa, sino tambi\u00e9n una oportunidad de redescubrimiento cultural y social.<\/p>\n<p>Los destinos que hist\u00f3ricamente han sido emblem\u00e1ticos en estas fechas, como Sevilla, Granada o M\u00e1laga, vuelven a cobrar relevancia. Las procesiones, las tradiciones y el ambiente festivo se convierten en im\u00e1n para aquellos que buscan vivir la intensidad de esta celebraci\u00f3n.<\/p>\n<h4>Desaf\u00edos y Oportunidades<\/h4>\n<p>Sin embargo, el camino hacia la normalidad no est\u00e1 exento de obst\u00e1culos. Las agencias deben navegar entre la fluctuaci\u00f3n de la demanda y el ruido que generan los cambios constantes en el sector del transporte, como los anuncios del servicio AVE. La llegada de nuevas conexiones ferroviarias promete facilitar el acceso a destinos que antes eran complicados, pero la incertidumbre en los horarios y la disponibilidad sigue generando dudas entre los potenciales viajeros.<\/p>\n<p>Este contexto plantea un dilema: \u00bfdeben las agencias arriesgarse a promocionar paquetes tur\u00edsticos optimistas o contener el entusiasmo hasta que se estabilicen los factores externos? La respuesta radica en encontrar un balance entre la confianza en la recuperaci\u00f3n y la adaptaci\u00f3n a un entorno cambiante.<\/p>\n<h4>La Tecnolog\u00eda como Aliada<\/h4>\n<p>La tecnolog\u00eda se erige como una herramienta esencial para las agencias. Con el auge de las plataformas digitales, los viajeros ahora buscan informaci\u00f3n r\u00e1pida y accesible sobre destinos, reservas y situaciones de viaje. Las agencias que han sabido adaptarse y ofrecer servicios en l\u00ednea y atenci\u00f3n al cliente personalizada est\u00e1n viendo una recuperaci\u00f3n m\u00e1s acelerada. Las experiencias virtuales podr\u00edan facilitar la toma de decisiones de los viajeros indecisos, permiti\u00e9ndoles explorar opciones antes de comprar.<\/p>\n<h4>El Viaje como Experiencia Transformadora<\/h4>\n<p>Finalmente, lo que se espera de esta Semana Santa no es solo un aumento en el n\u00famero de turistas, sino un enfoque renovado hacia la experiencia de viaje. Las personas ya no solo buscan un destino, sino una experiencia transformadora. Actividades como talleres de cocina tradicional, rutas por el legado cultural de las procesiones o experiencias sostenibles que conecten con la comunidad local est\u00e1n ganando popularidad.<\/p>\n<p>En este sentido, las agencias deben repensar su oferta y ser creativas en la forma de presentar sus productos. La personalizaci\u00f3n se convierte en un objetivo clave para atraer a aquellos viajeros que buscan no solo visitar, sino vivir.<\/p>\n<h3>Reflexiones Finales<\/h3>\n<p>Con un horizonte que promete tanto desaf\u00edos como oportunidades, la Semana Santa de este a\u00f1o tiene el potencial de marcar un antes y un despu\u00e9s en el sector tur\u00edstico. A medida que seguimos adapt\u00e1ndonos a una nueva realidad, la colaboraci\u00f3n entre agencias, destinos y viajeros se vuelve m\u00e1s importante que nunca.<\/p>\n<p>Esta celebraci\u00f3n no solo es una oportunidad para reactivar el turismo, sino tambi\u00e9n una ocasi\u00f3n para reconectar, reflexionar y redescubrir lo que significa viajar en un mundo que est\u00e1 en constante cambio.<\/p>\n<p><em> &#8221; Sources www.hosteltur.com &#8221; <\/em><\/p>\n","protected":false},"excerpt":{"rendered":"<p>Semana Santa: Un Tiempo de Esperanza para el Turismo Con la llegada de la Semana Santa, el sector tur\u00edstico se encuentra en un momento clave, entre la incertidumbre y la esperanza. Esta festividad, que atrae a millones de viajeros, se convierte en un term\u00f3metro para medir c\u00f3mo se recupera la industria tras periodos dif\u00edciles. Este [&hellip;]<\/p>\n","protected":false},"author":4,"featured_media":1129165,"comment_status":"open","ping_status":"closed","sticky":false,"template":"","format":"standard","meta":{"om_disable_all_campaigns":false,"jnews-multi-image_gallery":[],"jnews_single_post":[],"jnews_primary_category":[],"jnews_social_meta":[],"footnotes":""},"categories":[40],"tags":[28042,783,272497,10745,9885,1230,6171,1552,572,770,724,14136,10057,11515,1610,9058,142309,1865,15896,2946,267545,3951,653,544,1089],"class_list":["post-1129164","post","type-post","status-publish","format-standard","has-post-thumbnail","hentry","category-industria","tag-aeropuerto-de-malaga","tag-agencias-de-viaje","tag-asociacion-empresarial-de-agencias-de-viajes-de-andalucia-aedav","tag-atrapalo","tag-ave","tag-ceav","tag-costa-del-sol","tag-crisis","tag-distribucion","tag-espana","tag-eventos","tag-ferrocarril","tag-jose-manuel-lastra","tag-ota","tag-planificacion","tag-previsiones","tag-previsiones-semana-santa","tag-reservas","tag-reservas-de-ultima-hora","tag-semana-santa","tag-semana-santa-2026","tag-sergio-garcia","tag-transporte","tag-turismo","tag-turismo-domestico"],"_links":{"self":[{"href":"https:\/\/dimensionturistica.com\/es\/wp-json\/wp\/v2\/posts\/1129164","targetHints":{"allow":["GET"]}}],"collection":[{"href":"https:\/\/dimensionturistica.com\/es\/wp-json\/wp\/v2\/posts"}],"about":[{"href":"https:\/\/dimensionturistica.com\/es\/wp-json\/wp\/v2\/types\/post"}],"author":[{"embeddable":true,"href":"https:\/\/dimensionturistica.com\/es\/wp-json\/wp\/v2\/users\/4"}],"replies":[{"embeddable":true,"href":"https:\/\/dimensionturistica.com\/es\/wp-json\/wp\/v2\/comments?post=1129164"}],"version-history":[{"count":1,"href":"https:\/\/dimensionturistica.com\/es\/wp-json\/wp\/v2\/posts\/1129164\/revisions"}],"predecessor-version":[{"id":1129166,"href":"https:\/\/dimensionturistica.com\/es\/wp-json\/wp\/v2\/posts\/1129164\/revisions\/1129166"}],"wp:featuredmedia":[{"embeddable":true,"href":"https:\/\/dimensionturistica.com\/es\/wp-json\/wp\/v2\/media\/1129165"}],"wp:attachment":[{"href":"https:\/\/dimensionturistica.com\/es\/wp-json\/wp\/v2\/media?parent=1129164"}],"wp:term":[{"taxonomy":"category","embeddable":true,"href":"https:\/\/dimensionturistica.com\/es\/wp-json\/wp\/v2\/categories?post=1129164"},{"taxonomy":"post_tag","embeddable":true,"href":"https:\/\/dimensionturistica.com\/es\/wp-json\/wp\/v2\/tags?post=1129164"}],"curies":[{"name":"wp","href":"https:\/\/api.w.org\/{rel}","templated":true}]}}