{"id":1129080,"date":"2026-03-23T20:03:21","date_gmt":"2026-03-23T20:03:21","guid":{"rendered":"https:\/\/dimensionturistica.com\/es\/?p=1129080"},"modified":"2026-03-23T20:03:21","modified_gmt":"2026-03-23T20:03:21","slug":"promocion-de-la-provincia-en-b-travel-barcelona-valencia-potencia-su-atractivo-turistico","status":"publish","type":"post","link":"https:\/\/dimensionturistica.com\/es\/promocion-de-la-provincia-en-b-travel-barcelona-valencia-potencia-su-atractivo-turistico\/","title":{"rendered":"Promoci\u00f3n de la provincia en B-Travel Barcelona: Val\u00e8ncia potencia su atractivo tur\u00edstico."},"content":{"rendered":"<h3>Valencia: Un Destino Irresistible en la Feria B-Travel de Barcelona<\/h3>\n<p>La provincia de Valencia se prepara para brillar en la pr\u00f3xima edici\u00f3n de la feria B-Travel, un evento emblem\u00e1tico que re\u00fane a los mejores destinos tur\u00edsticos del mundo y que se desarrollar\u00e1 en Barcelona. Esta es una oportunidad \u00fanica para que Valencia muestre al p\u00fablico sus encantos y sorprenda a los visitantes con su rica oferta cultural, gastron\u00f3mica y natural.<\/p>\n<p>Valencia, conocida por su clima templado y su vibrante vida urbana, tiene mucho que ofrecer a los turistas. Desde sus impresionantes playas en la Costa del Azahar hasta la majestuosidad de la Ciudad de las Artes y las Ciencias, la regi\u00f3n combina a la perfecci\u00f3n lo antiguo y lo moderno. Durante B-Travel, el stand de Valencia no solo atraer\u00e1 a los amantes de la historia y la arquitectura, sino tambi\u00e9n a aquellos que buscan experiencias \u00fanicas, ya sea a trav\u00e9s de su gastronom\u00eda, sus festividades o sus paisajes naturales.<\/p>\n<h3>Experiencias Inolvidables<\/h3>\n<p>Los visitantes podr\u00e1n sumergirse en las delicias de la paella, un plato emblem\u00e1tico que ha trascendido fronteras. La oferta culinaria de Valencia va m\u00e1s all\u00e1, incluyendo una variedad de tapas y productos frescos que deleitar\u00e1n cualquier paladar. En el stand, se podr\u00e1n degustar algunos de estos manjares, lo que permitir\u00e1 a los asistentes tener un adelanto de lo que les espera al visitar la provincia.<\/p>\n<p>Adem\u00e1s, la feria ser\u00e1 el escenario perfecto para presentar las diversas actividades que Valencia tiene para ofrecer: rutas en bicicleta por la Huerta Valenciana, excursiones a la Albufera para disfrutar de sus maravillosos atardeceres y la posibilidad de explorar sus numerosos parques naturales. Sin duda, el ecosistema de la provincia es otro de sus grandes atractivos, ideal para los amantes del senderismo y la naturaleza.<\/p>\n<h3>Un Llamado a la Seguiridad y la Sostenibilidad<\/h3>\n<p>Valencia tambi\u00e9n ha apostado fuerte por el turismo responsable y sostenible. Esta edici\u00f3n de B-Travel servir\u00e1 para promover iniciativas que destacan la importancia de cuidar el medio ambiente y la cultura local. Esta visi\u00f3n no solo busca atraer a un turismo que respete y valore los recursos, sino que tambi\u00e9n busca ofrecer a los visitantes una experiencia aut\u00e9ntica y enriquecedora.<\/p>\n<p>El enfoque en la sostenibilidad es una declaraci\u00f3n clara: Valencia no solo quiere atraer turistas, sino tambi\u00e9n construir un futuro donde la belleza y la cultura se preserven para las pr\u00f3ximas generaciones. En un mundo cada vez m\u00e1s preocupado por el impacto ambiental, este compromiso se convierte en un punto a favor de la provincia como destino tur\u00edstico.<\/p>\n<h3>Conclusi\u00f3n<\/h3>\n<p>La participaci\u00f3n de Valencia en B-Travel es una oportunidad dorada para reafirmar su posici\u00f3n como uno de los destinos m\u00e1s atractivos de Espa\u00f1a, invitando a los viajeros a descubrir y disfrutar de todo lo que tiene para ofrecer. Desde su historia rica y su vibrante gastronom\u00eda hasta sus impresionantes paisajes, cada rinc\u00f3n de la provincia est\u00e1 dise\u00f1ado para enamorar.<\/p>\n<p>Sin duda, aquellos que visiten el stand de Valencia en Barcelona saldr\u00e1n con m\u00e1s ganas de conocer en profundidad esta joya mediterr\u00e1nea. Valencia no es solo un destino; es una experiencia que espera ser descubierta. As\u00ed que, \u00bfte animas a explorarla?<\/p>\n<p><em> &#8221; Sources www.valenciaextra.com &#8221; <\/em><\/p>\n","protected":false},"excerpt":{"rendered":"<p>Valencia: Un Destino Irresistible en la Feria B-Travel de Barcelona La provincia de Valencia se prepara para brillar en la pr\u00f3xima edici\u00f3n de la feria B-Travel, un evento emblem\u00e1tico que re\u00fane a los mejores destinos tur\u00edsticos del mundo y que se desarrollar\u00e1 en Barcelona. Esta es una oportunidad \u00fanica para que Valencia muestre al p\u00fablico [&hellip;]<\/p>\n","protected":false},"author":4,"featured_media":1129083,"comment_status":"open","ping_status":"closed","sticky":false,"template":"","format":"standard","meta":{"om_disable_all_campaigns":false,"jnews-multi-image_gallery":[],"jnews_single_post":[],"jnews_primary_category":[],"jnews_social_meta":[],"footnotes":""},"categories":[40],"tags":[24001,2917,724,1061,7581,709,864,544,2769,681],"class_list":["post-1129080","post","type-post","status-publish","format-standard","has-post-thumbnail","hentry","category-industria","tag-b-travel","tag-barcelona","tag-eventos","tag-feria","tag-promocion","tag-provincia","tag-turisme","tag-turismo","tag-valencia","tag-viaje"],"_links":{"self":[{"href":"https:\/\/dimensionturistica.com\/es\/wp-json\/wp\/v2\/posts\/1129080","targetHints":{"allow":["GET"]}}],"collection":[{"href":"https:\/\/dimensionturistica.com\/es\/wp-json\/wp\/v2\/posts"}],"about":[{"href":"https:\/\/dimensionturistica.com\/es\/wp-json\/wp\/v2\/types\/post"}],"author":[{"embeddable":true,"href":"https:\/\/dimensionturistica.com\/es\/wp-json\/wp\/v2\/users\/4"}],"replies":[{"embeddable":true,"href":"https:\/\/dimensionturistica.com\/es\/wp-json\/wp\/v2\/comments?post=1129080"}],"version-history":[{"count":1,"href":"https:\/\/dimensionturistica.com\/es\/wp-json\/wp\/v2\/posts\/1129080\/revisions"}],"predecessor-version":[{"id":1129084,"href":"https:\/\/dimensionturistica.com\/es\/wp-json\/wp\/v2\/posts\/1129080\/revisions\/1129084"}],"wp:featuredmedia":[{"embeddable":true,"href":"https:\/\/dimensionturistica.com\/es\/wp-json\/wp\/v2\/media\/1129083"}],"wp:attachment":[{"href":"https:\/\/dimensionturistica.com\/es\/wp-json\/wp\/v2\/media?parent=1129080"}],"wp:term":[{"taxonomy":"category","embeddable":true,"href":"https:\/\/dimensionturistica.com\/es\/wp-json\/wp\/v2\/categories?post=1129080"},{"taxonomy":"post_tag","embeddable":true,"href":"https:\/\/dimensionturistica.com\/es\/wp-json\/wp\/v2\/tags?post=1129080"}],"curies":[{"name":"wp","href":"https:\/\/api.w.org\/{rel}","templated":true}]}}