{"id":1128901,"date":"2026-03-23T15:04:50","date_gmt":"2026-03-23T15:04:50","guid":{"rendered":"https:\/\/dimensionturistica.com\/es\/?p=1128901"},"modified":"2026-03-23T15:04:50","modified_gmt":"2026-03-23T15:04:50","slug":"cunard-colabora-con-micaela-erlanger-para-una-experiencia-unica-en-moda-y-lujo","status":"publish","type":"post","link":"https:\/\/dimensionturistica.com\/es\/cunard-colabora-con-micaela-erlanger-para-una-experiencia-unica-en-moda-y-lujo\/","title":{"rendered":"Cunard colabora con Micaela Erlanger para una experiencia \u00fanica en moda y lujo."},"content":{"rendered":"<h3>Navegando con Estilo: La Iniciativa de Cunard y Micaela Erlanger<\/h3>\n<p>En el mundo del turismo de lujo, la experiencia no solo se mide por el destino, sino tambi\u00e9n por la manera en que se lleva a cabo el viaje. Cunard, la c\u00e9lebre l\u00ednea de cruceros, ha dado un paso audaz y emocionante al asociarse con la reconocida estilista Micaela Erlanger. Esta colaboraci\u00f3n promete llevar la elegancia y el glamour a bordo, transformando los cruceros en verdaderos desfiles de moda en alta mar.<\/p>\n<h4>Un Vistazo a la Experiencia<\/h4>\n<p>Imagina embarcarte en un trasatl\u00e1ntico lleno de historia y sofisticaci\u00f3n, donde la moda y el lujo se entrelazan a cada paso. La alianza con Erlanger busca crear experiencias \u00fanicas que no solo se centren en el esplendor de la traves\u00eda, sino tambi\u00e9n en c\u00f3mo los pasajeros pueden expresar su propio estilo. Desde selecciones de ropa personalizadas hasta asesoramiento sobre c\u00f3mo combinar prendas en diversos eventos a bordo, todo est\u00e1 dise\u00f1ado para hacer que cada viajero se sienta como una verdadera celebridad.<\/p>\n<p>El enfoque de Micaela va m\u00e1s all\u00e1 de simplemente vestir a los pasajeros; se trata de crear momentos memorables que marquen las traves\u00edas. Y es que en un mundo donde las redes sociales juegan un papel crucial, lucir bien a bordo se ha convertido en una prioridad para muchos viajeros. La estilista ha impartido su experiencia a trav\u00e9s de talleres de moda y sesiones privadas, asegurando que todos puedan disfrutar del lujo de sentirse bien y lucir espl\u00e9ndidos mientras navegan.<\/p>\n<h4>Estilo y Sostenibilidad<\/h4>\n<p>Adem\u00e1s, Cunard y Erlanger est\u00e1n comprometidos con la sostenibilidad. La moda tambi\u00e9n puede ser responsable, y en este sentido, la colaboraci\u00f3n ha asumido la misi\u00f3n de utilizar materiales sostenibles y promover la moda \u00e9tica. Este enfoque no solo beneficia al medio ambiente, sino que tambi\u00e9n ofrece a los viajeros una forma de contribuir a causas significativas mientras disfrutan de su escapada.<\/p>\n<h4>Una Oportunidad \u00danica<\/h4>\n<p>Unirte a un crucero de Cunard a trav\u00e9s de esta propuesta es m\u00e1s que simplemente viajar; es una oportunidad para descubrir nuevas facetas de uno mismo. Cada itinerario est\u00e1 dise\u00f1ado para potenciar espacios de interactividad, desde cenas exclusivas donde se resalta la moda hasta eventos sociales de primer nivel con charlas inspiradoras sobre estilo y tendencias.<\/p>\n<h4>Conclusi\u00f3n<\/h4>\n<p>La asociaci\u00f3n de Cunard con Micaela Erlanger es una invitaci\u00f3n a replantear la manera en que disfrutamos de nuestros viajes. A medida que el turismo de lujo evoluciona, iniciativas como esta nos recuerdan que la experiencia debe ser completa, enriqueciendo nuestra vivencia a trav\u00e9s de la moda y el compromiso social. Navegar nunca hab\u00eda sido tan emocionante, y aquellos que se atrevan a zambullirse en esta experiencia seguramente volver\u00e1n a casa no solo con recuerdos inolvidables, sino con un nuevo sentido del estilo. \u00a1Es hora de embarcarse en este viaje de lujo y creatividad!<\/p>\n<p><em> &#8221; Fuentes columnadigital.com &#8221; <\/em><\/p>\n","protected":false},"excerpt":{"rendered":"<p>Navegando con Estilo: La Iniciativa de Cunard y Micaela Erlanger En el mundo del turismo de lujo, la experiencia no solo se mide por el destino, sino tambi\u00e9n por la manera en que se lleva a cabo el viaje. Cunard, la c\u00e9lebre l\u00ednea de cruceros, ha dado un paso audaz y emocionante al asociarse con [&hellip;]<\/p>\n","protected":false},"author":4,"featured_media":1128902,"comment_status":"open","ping_status":"closed","sticky":false,"template":"","format":"standard","meta":{"om_disable_all_campaigns":false,"jnews-multi-image_gallery":[],"jnews_single_post":[],"jnews_primary_category":[],"jnews_social_meta":[],"footnotes":""},"categories":[39],"tags":[4569,233985,543,11084,82365,3743,7758,1720,724,2096,272448,659,1727,544],"class_list":["post-1128901","post","type-post","status-publish","format-standard","has-post-thumbnail","hentry","category-viajes","tag-colaboracion","tag-columna-digital","tag-cruceros","tag-cunard","tag-dimension-turistica","tag-diseno","tag-estilo","tag-estilo-de-vida","tag-eventos","tag-lujo","tag-micaela-erlanger","tag-moda","tag-revista","tag-turismo"],"_links":{"self":[{"href":"https:\/\/dimensionturistica.com\/es\/wp-json\/wp\/v2\/posts\/1128901","targetHints":{"allow":["GET"]}}],"collection":[{"href":"https:\/\/dimensionturistica.com\/es\/wp-json\/wp\/v2\/posts"}],"about":[{"href":"https:\/\/dimensionturistica.com\/es\/wp-json\/wp\/v2\/types\/post"}],"author":[{"embeddable":true,"href":"https:\/\/dimensionturistica.com\/es\/wp-json\/wp\/v2\/users\/4"}],"replies":[{"embeddable":true,"href":"https:\/\/dimensionturistica.com\/es\/wp-json\/wp\/v2\/comments?post=1128901"}],"version-history":[{"count":1,"href":"https:\/\/dimensionturistica.com\/es\/wp-json\/wp\/v2\/posts\/1128901\/revisions"}],"predecessor-version":[{"id":1128903,"href":"https:\/\/dimensionturistica.com\/es\/wp-json\/wp\/v2\/posts\/1128901\/revisions\/1128903"}],"wp:featuredmedia":[{"embeddable":true,"href":"https:\/\/dimensionturistica.com\/es\/wp-json\/wp\/v2\/media\/1128902"}],"wp:attachment":[{"href":"https:\/\/dimensionturistica.com\/es\/wp-json\/wp\/v2\/media?parent=1128901"}],"wp:term":[{"taxonomy":"category","embeddable":true,"href":"https:\/\/dimensionturistica.com\/es\/wp-json\/wp\/v2\/categories?post=1128901"},{"taxonomy":"post_tag","embeddable":true,"href":"https:\/\/dimensionturistica.com\/es\/wp-json\/wp\/v2\/tags?post=1128901"}],"curies":[{"name":"wp","href":"https:\/\/api.w.org\/{rel}","templated":true}]}}