{"id":1128405,"date":"2026-03-22T09:51:41","date_gmt":"2026-03-22T09:51:41","guid":{"rendered":"https:\/\/dimensionturistica.com\/es\/?p=1128405"},"modified":"2026-03-22T09:51:41","modified_gmt":"2026-03-22T09:51:41","slug":"el-paraiso-verde-de-galicia-un-area-natural-de-9-000-hectareas-senderos-panoramicos-y-una-abadia-del-siglo-xii","status":"publish","type":"post","link":"https:\/\/dimensionturistica.com\/es\/el-paraiso-verde-de-galicia-un-area-natural-de-9-000-hectareas-senderos-panoramicos-y-una-abadia-del-siglo-xii\/","title":{"rendered":"\u201cEl Para\u00edso Verde de Galicia: un \u00e1rea natural de 9.000 hect\u00e1reas, senderos panor\u00e1micos y una abad\u00eda del siglo XII\u201d"},"content":{"rendered":"<h3>Descubre el Amazonas Gallego: Un Para\u00edso Natural en el Coraz\u00f3n de Galicia<\/h3>\n<p>Imagina un lugar donde la tranquilidad de la naturaleza se fusiona con la historia, donde los \u00e1rboles susurran secretos antiguos y los r\u00edos serpentean entre una vegetaci\u00f3n exuberante. Ese lugar existe y se encuentra en Galicia, en el Parque Natural del R\u00edo Fragas do Eume. Un tesoro escondido que se extiende a lo largo de 9,000 hect\u00e1reas y promete ser el destino perfecto para los amantes del senderismo y la aventura.<\/p>\n<h4>Un Oasis de Biodiversidad<\/h4>\n<p>Este parque natural, que puede ser considerado el &#8220;Amazonas gallego&#8221;, alberga una rica biodiversidad que te sorprender\u00e1. Sus frondosos bosques de ribera est\u00e1n compuestos principalmente de tilos, alcornoces y robles, y generan un ecosistema vibrante donde no es raro avistar especies como el \u00e1guila pescadora o el martinete. Caminar por sus senderos bien se\u00f1alizados es adentrarse en un mundo donde la flora y fauna se entrelazan en una danza eterna.<\/p>\n<h4>Rutas de Senderismo para Todos<\/h4>\n<p>Los entusiastas del senderismo encontrar\u00e1n en Fragas do Eume un verdadero para\u00edso. Con rutas que var\u00edan en dificultad, desde paseos suaves a lo largo del r\u00edo Eume hasta desafiantes caminos que ascienden por las monta\u00f1as, hay opciones para todos los niveles. Uno de los itinerarios m\u00e1s populares lleva a los visitantes a la emblem\u00e1tica &#8220;ruta del monasterio&#8221;, que culmina en el antiguo Monasterio de Caaveiro, una joya arquitect\u00f3nica del siglo XII que ofrece unas vistas espectaculares del entorno.<\/p>\n<h4>Historia que Atraviesa los Siglos<\/h4>\n<p>El Monasterio de Caaveiro no solo es un punto final para los senderistas, sino tambi\u00e9n un lugar donde la historia cobra vida. Este antiguo convento benedictino, encantadoramente situado en lo alto de una colina, evoca un pasado de serena contemplaci\u00f3n y espiritualidad. Hoy en d\u00eda, sus ruinas sirven como recordatorio de una \u00e9poca en la que este lugar fue un centro de paz y cultura.<\/p>\n<h4>Actividades Para Todos los Gustos<\/h4>\n<p>Adem\u00e1s del senderismo, el parque ofrece una variedad de actividades para disfrutar de la naturaleza en toda su plenitud. Los visitantes pueden practicar kayak en el r\u00edo, explorar los alrededores en bicicleta o simplemente relajarse junto a las limpias aguas que fluyen serenamente. Para aquellos que buscan una experiencia m\u00e1s enriquecedora, las visitas guiadas permiten descubrir los secretos ocultos de este ecotono.<\/p>\n<h4>Gastronom\u00eda Local<\/h4>\n<p>No se puede hablar de Galicia sin mencionar su rica gastronom\u00eda. Despu\u00e9s de un d\u00eda de exploraciones, los visitantes pueden degustar platos tradicionales en los restaurantes locales. Desde mariscos frescos hasta empanadas gallegas, la cocina local es un fest\u00edn para los sentidos que complementar\u00e1 a la perfecci\u00f3n cualquier aventura al aire libre.<\/p>\n<h4>C\u00f3mo Llegar<\/h4>\n<p>Ubicado convenientemente a una corta distancia en coche de las principales ciudades gallegas, el Parque Natural de Fragas do Eume es de f\u00e1cil acceso y brinda la oportunidad de escapar del bullicio urbano. Ya sea que llegues desde A Coru\u00f1a, Ferrol o Santiago de Compostela, el viaje te llevar\u00e1 a un entorno donde la naturaleza y la historia se abrazan.<\/p>\n<h3>Conclusi\u00f3n<\/h3>\n<p>El Amazonas de Galicia no solo es un destino de senderismo; es un viaje a trav\u00e9s del tiempo y la naturaleza. Con sus paisajes deslumbrantes, su rica biodiversidad y su historia cautivadora, Fragas do Eume es el lugar ideal para aquellos que buscan escapar de la rutina y reconectar con lo esencial. Si anhelas un refugio de paz y belleza, no busques m\u00e1s: la magia de este parque natural te espera en el coraz\u00f3n de Galicia.<\/p>\n<p><em> &#8221; Fuentes www.infobae.com &#8221; <\/em><\/p>\n","protected":false},"excerpt":{"rendered":"<p>Descubre el Amazonas Gallego: Un Para\u00edso Natural en el Coraz\u00f3n de Galicia Imagina un lugar donde la tranquilidad de la naturaleza se fusiona con la historia, donde los \u00e1rboles susurran secretos antiguos y los r\u00edos serpentean entre una vegetaci\u00f3n exuberante. Ese lugar existe y se encuentra en Galicia, en el Parque Natural del R\u00edo Fragas [&hellip;]<\/p>\n","protected":false},"author":4,"featured_media":1128406,"comment_status":"open","ping_status":"closed","sticky":false,"template":"","format":"standard","meta":{"om_disable_all_campaigns":false,"jnews-multi-image_gallery":[],"jnews_single_post":[],"jnews_primary_category":[],"jnews_social_meta":[],"footnotes":""},"categories":[39],"tags":[272337,2373,119342,102228,98595,420,21521,115059,193039,245,169948,184424,272327,254850,272328,99967,272329,272330,4852,233238,142321,97794,272338,107882,272331,2189,171737,272332,122290,57097,58528,184428,122487,73187,6849,25099,205842,203422,67568,9244,239255,8531,117564,6765,139985,93060,122490,272333,544,11060,272334,77630,107559,238002,169539,272335,272336],"class_list":["post-1128405","post","type-post","status-publish","format-standard","has-post-thumbnail","hentry","category-viajes","tag-9000-hectareas","tag-amazonas","tag-biodiversity","tag-biology","tag-botany","tag-climate-change","tag-coruna","tag-eco-tourism","tag-ecosystem","tag-environment","tag-environmental-conservation","tag-eume","tag-flora-and-fauna","tag-flowing","tag-flowing-water","tag-forest","tag-fragas-do-eume","tag-freshwater","tag-galicia","tag-green-colour","tag-idyllic","tag-landscape","tag-monasterio-siglo-xii","tag-natural-park","tag-natural-parkland","tag-naturaleza","tag-no-people","tag-non-urban-scene","tag-outdoors","tag-parque-natural","tag-plant","tag-pontedeume","tag-rainforest","tag-relaxation","tag-river","tag-rutas-de-senderismo","tag-scenery","tag-scenics","tag-season","tag-senderismo","tag-silence","tag-spain","tag-stream","tag-tourism","tag-tranquil-scene","tag-tranquility","tag-tree","tag-tree-trunk","tag-turismo","tag-valley","tag-variegated-foliage","tag-water","tag-wildlife","tag-wildlife-conservation","tag-wildlife-observation","tag-wildlife-reserve","tag-woodland"],"_links":{"self":[{"href":"https:\/\/dimensionturistica.com\/es\/wp-json\/wp\/v2\/posts\/1128405","targetHints":{"allow":["GET"]}}],"collection":[{"href":"https:\/\/dimensionturistica.com\/es\/wp-json\/wp\/v2\/posts"}],"about":[{"href":"https:\/\/dimensionturistica.com\/es\/wp-json\/wp\/v2\/types\/post"}],"author":[{"embeddable":true,"href":"https:\/\/dimensionturistica.com\/es\/wp-json\/wp\/v2\/users\/4"}],"replies":[{"embeddable":true,"href":"https:\/\/dimensionturistica.com\/es\/wp-json\/wp\/v2\/comments?post=1128405"}],"version-history":[{"count":1,"href":"https:\/\/dimensionturistica.com\/es\/wp-json\/wp\/v2\/posts\/1128405\/revisions"}],"predecessor-version":[{"id":1128407,"href":"https:\/\/dimensionturistica.com\/es\/wp-json\/wp\/v2\/posts\/1128405\/revisions\/1128407"}],"wp:featuredmedia":[{"embeddable":true,"href":"https:\/\/dimensionturistica.com\/es\/wp-json\/wp\/v2\/media\/1128406"}],"wp:attachment":[{"href":"https:\/\/dimensionturistica.com\/es\/wp-json\/wp\/v2\/media?parent=1128405"}],"wp:term":[{"taxonomy":"category","embeddable":true,"href":"https:\/\/dimensionturistica.com\/es\/wp-json\/wp\/v2\/categories?post=1128405"},{"taxonomy":"post_tag","embeddable":true,"href":"https:\/\/dimensionturistica.com\/es\/wp-json\/wp\/v2\/tags?post=1128405"}],"curies":[{"name":"wp","href":"https:\/\/api.w.org\/{rel}","templated":true}]}}