{"id":1128342,"date":"2026-03-22T03:41:43","date_gmt":"2026-03-22T03:41:43","guid":{"rendered":"https:\/\/dimensionturistica.com\/es\/?p=1128342"},"modified":"2026-03-22T03:41:43","modified_gmt":"2026-03-22T03:41:43","slug":"mas-de-45-viajes-al-extranjero-durante-esta-legislatura","status":"publish","type":"post","link":"https:\/\/dimensionturistica.com\/es\/mas-de-45-viajes-al-extranjero-durante-esta-legislatura\/","title":{"rendered":"M\u00e1s de 45 viajes al extranjero durante esta legislatura."},"content":{"rendered":"<h3>La Gran Aventura de los Viajes Internacionales: Un Corredor de Oportunidades<\/h3>\n<p>En el universo siempre cambiante del turismo y la pol\u00edtica, pocos aspectos brillan con tanta intensidad como la intersecci\u00f3n de la representaci\u00f3n internacional y la promoci\u00f3n de un pa\u00eds. En este contexto, los viajes de los l\u00edderes pol\u00edticos no solo son una cuesti\u00f3n de protocolo, sino una fascinante ventana hacia el mundo, llena de oportunidades para establecer conexiones y fomentar el intercambio cultural.<\/p>\n<p>Un caso reciente que ha levantado la atenci\u00f3n es el del vicepresidencia espa\u00f1ola, cuyo incesante itinerario internacional ha llevado a cabo un total de 45 viajes en el transcurso de una legislatura. Estos viajes no son simples escapadas; son misiones en busca de fortalecer la presencia del pa\u00eds en el escenario global. Desde foros econ\u00f3micos hasta reuniones diplom\u00e1ticas, cada viaje representa un paso hacia adelante en la construcci\u00f3n de puentes entre naciones.<\/p>\n<p>La importancia de estos desplazamientos se extiende m\u00e1s all\u00e1 de la diplomacia. Promover el turismo, atraer inversi\u00f3n y resaltar la cultura y las tradiciones de Espa\u00f1a son algunas de las metas que se persiguen. En tiempos donde la econom\u00eda se basa cada vez m\u00e1s en la globalizaci\u00f3n, el papel de un l\u00edder en el exterior puede ser la clave para abrir nuevas rutas comerciales y tur\u00edsticas.<\/p>\n<p>Imaginemos, por un momento, a un grupo de empresarios espa\u00f1oles que, gracias a estas gestiones, pueden acceder a ferias internacionales para presentar sus productos y, as\u00ed, dar a conocer la riqueza gastron\u00f3mica y artesanal del pa\u00eds. Cada viaje representa una historia de potencial, una narrativa que puede volverse un im\u00e1n para el turista extranjero.<\/p>\n<p>Adem\u00e1s, el viaje de un l\u00edder pol\u00edtico puede ser un reflejo de las identidades culturales. Al representar al pa\u00eds en diversos eventos, se establece una plataforma para resaltar no solo las maravillas del territorio, sino tambi\u00e9n las historias de su gente. La promoci\u00f3n de festivales, tradiciones y gastronom\u00eda cobra una dimensi\u00f3n nueva cuando son llevadas a un escenario internacional, generando as\u00ed un inter\u00e9s creciente en una Espa\u00f1a vibrante y rica en matices.<\/p>\n<p>Sin embargo, estos viajes no est\u00e1n exentos de cr\u00edticas. La opini\u00f3n p\u00fablica a menudo se cuestiona la efectividad y la necesidad de ciertos desplazamientos, en especial en un tiempo en el que muchos ciudadanos sienten que los problemas internos demandan atenci\u00f3n urgente. La balanza entre lo local y lo global es delicada, y es esencial que los l\u00edderes encuentren un balance apropiado. La narrativa no debe quedarse en la mera promoci\u00f3n de destinos; debe incluir un llamado a escuchar y actuar en consecuencia en el \u00e1mbito nacional.<\/p>\n<p>En definitiva, el fen\u00f3meno de los viajes diplom\u00e1ticos se vuelve un microcosmos de lo que significa ser un pa\u00eds en el siglo XXI. Con cada viaje, se abren posibilidades, se cierran brechas y, sobre todo, se construyen historias que conectan no solo naciones, sino corazones. As\u00ed, el turismo se convierte no solo en un elemento econ\u00f3mico, sino tambi\u00e9n en un aliado esencial para el poder pol\u00edtico. \u00bfQui\u00e9n sabe? Quiz\u00e1s tu pr\u00f3ximo destino tur\u00edstico sea el resultado de un viaje pol\u00edtico que abri\u00f3 una nueva puerta al mundo.<\/p>\n<p><em> &#8221; Fuentes www.eldebate.com &#8221; <\/em><\/p>\n","protected":false},"excerpt":{"rendered":"<p>La Gran Aventura de los Viajes Internacionales: Un Corredor de Oportunidades En el universo siempre cambiante del turismo y la pol\u00edtica, pocos aspectos brillan con tanta intensidad como la intersecci\u00f3n de la representaci\u00f3n internacional y la promoci\u00f3n de un pa\u00eds. En este contexto, los viajes de los l\u00edderes pol\u00edticos no solo son una cuesti\u00f3n de [&hellip;]<\/p>\n","protected":false},"author":4,"featured_media":1128343,"comment_status":"open","ping_status":"closed","sticky":false,"template":"","format":"standard","meta":{"om_disable_all_campaigns":false,"jnews-multi-image_gallery":[],"jnews_single_post":[],"jnews_primary_category":[],"jnews_social_meta":[],"footnotes":""},"categories":[39],"tags":[12506,1371,272311,12507,6095,546,47224,544,545,1423],"class_list":["post-1128342","post","type-post","status-publish","format-standard","has-post-thumbnail","hentry","category-viajes","tag-administracion-publica","tag-entretenimiento","tag-gastos-oficiales","tag-gestion-publica","tag-legislatura","tag-politica","tag-relaciones-exteriores","tag-turismo","tag-viajes","tag-viajes-internacionales"],"_links":{"self":[{"href":"https:\/\/dimensionturistica.com\/es\/wp-json\/wp\/v2\/posts\/1128342","targetHints":{"allow":["GET"]}}],"collection":[{"href":"https:\/\/dimensionturistica.com\/es\/wp-json\/wp\/v2\/posts"}],"about":[{"href":"https:\/\/dimensionturistica.com\/es\/wp-json\/wp\/v2\/types\/post"}],"author":[{"embeddable":true,"href":"https:\/\/dimensionturistica.com\/es\/wp-json\/wp\/v2\/users\/4"}],"replies":[{"embeddable":true,"href":"https:\/\/dimensionturistica.com\/es\/wp-json\/wp\/v2\/comments?post=1128342"}],"version-history":[{"count":1,"href":"https:\/\/dimensionturistica.com\/es\/wp-json\/wp\/v2\/posts\/1128342\/revisions"}],"predecessor-version":[{"id":1128344,"href":"https:\/\/dimensionturistica.com\/es\/wp-json\/wp\/v2\/posts\/1128342\/revisions\/1128344"}],"wp:featuredmedia":[{"embeddable":true,"href":"https:\/\/dimensionturistica.com\/es\/wp-json\/wp\/v2\/media\/1128343"}],"wp:attachment":[{"href":"https:\/\/dimensionturistica.com\/es\/wp-json\/wp\/v2\/media?parent=1128342"}],"wp:term":[{"taxonomy":"category","embeddable":true,"href":"https:\/\/dimensionturistica.com\/es\/wp-json\/wp\/v2\/categories?post=1128342"},{"taxonomy":"post_tag","embeddable":true,"href":"https:\/\/dimensionturistica.com\/es\/wp-json\/wp\/v2\/tags?post=1128342"}],"curies":[{"name":"wp","href":"https:\/\/api.w.org\/{rel}","templated":true}]}}