{"id":1128324,"date":"2026-03-22T01:59:38","date_gmt":"2026-03-22T01:59:38","guid":{"rendered":"https:\/\/dimensionturistica.com\/es\/?p=1128324"},"modified":"2026-03-22T01:59:38","modified_gmt":"2026-03-22T01:59:38","slug":"la-oficina-mexico-el-reparto-total-interpretes-y-sus-personajes","status":"publish","type":"post","link":"https:\/\/dimensionturistica.com\/es\/la-oficina-mexico-el-reparto-total-interpretes-y-sus-personajes\/","title":{"rendered":"La oficina M\u00e9xico: El reparto total, int\u00e9rpretes y sus personajes"},"content":{"rendered":"<h3>El Estilo Inconfundible de &#8220;La Oficina&#8221;: Un Vistazo a su Reparto y Moda<\/h3>\n<p>En el panorama actual de la televisi\u00f3n mexicana, &#8220;La Oficina&#8221; ha irrumpido con una propuesta fresca y aut\u00e9ntica, no solo en t\u00e9rminos de contenido, sino tambi\u00e9n en el \u00e1mbito del estilo. La serie, ambientada en un ambiente laboral lleno de contrastes y situaciones c\u00f3micas, ha logrado captar la atenci\u00f3n no solo por su narrativa, sino tambi\u00e9n por la forma en que sus personajes se visten.<\/p>\n<h4>Personajes que Marcan Tendencia<\/h4>\n<p>Los protagonistas de la serie representan una variedad de estilos que reflejan la diversidad de la moda en el contexto laboral. Cada uno, con su sello personal, aporta elementos clave que pueden inspirar a aquellos que buscan definir su propio estilo en el trabajo. Desde cortes cl\u00e1sicos hasta piezas m\u00e1s arriesgadas, el elenco ofrece una paleta de opciones que se adapta a diferentes personalidades.<\/p>\n<p>Uno de los aspectos m\u00e1s interesantes es c\u00f3mo cada personaje utiliza la moda para expresar su individualidad y, al mismo tiempo, encajar en el entorno corporativo. Desde trajes impecables hasta looks m\u00e1s casuales pero cuidadosamente elegidos, cada elecci\u00f3n de vestuario cuenta una historia y revela matices de la personalidad.<\/p>\n<h4>La Influencia del Vestuario en la Narrativa<\/h4>\n<p>El vestuario en &#8220;La Oficina&#8221; no es solo un accesorio; es una herramienta narrativa que ayuda a construir la identidad de cada personaje. A trav\u00e9s de sus elecciones de ropa, se transmiten emociones, relaciones y din\u00e1micas laborales. Esta conexi\u00f3n entre la moda y la historia permite a los espectadores sumergirse a\u00fan m\u00e1s en el mundo de la serie, creando un v\u00ednculo que va m\u00e1s all\u00e1 de lo visual.<\/p>\n<p>Por ejemplo, el uso del color en los atuendos de los personajes puede ser un reflejo de su estado emocional o su evoluci\u00f3n a lo largo de la trama. La atenci\u00f3n al detalle en el vestuario refuerza la idea de que la moda es una forma de comunicaci\u00f3n poderosa y directa.<\/p>\n<h4>Looks que Inspiran<\/h4>\n<p>La serie tambi\u00e9n invita a reflexionar sobre la importancia de vestirse adecuadamente para el entorno laboral. Los looks presentados en pantalla pueden servir como gu\u00eda para quienes desean experimentar y diversificar su armario profesional. Desde la elecci\u00f3n de accesorios hasta la combinaci\u00f3n de texturas y patrones, hay mucho que aprender sobre c\u00f3mo la moda puede influir en la percepci\u00f3n que se tiene de uno mismo y de los dem\u00e1s en un entorno laboral.<\/p>\n<p>Los seguidores de la serie han comenzado a compartir sus propias reinterpretaciones de los looks de los personajes en redes sociales, evidenciando una tendencia que no solo resalta la originalidad de la serie, sino que tambi\u00e9n fomenta una comunidad de estilo entre los fan\u00e1ticos.<\/p>\n<h4>La Moda como Protagonista<\/h4>\n<p>&#8220;La Oficina&#8221; no solo entretiene; tambi\u00e9n educa en el arte de la presentaci\u00f3n personal en un entorno profesional. La manera en que los personajes se visten es un recordatorio de que, aunque el ambiente de trabajo puede ser serio, no hay raz\u00f3n para sacrificar el estilo. La serie demuestra que cada rinc\u00f3n de la vida diaria se puede llenar de creatividad y autenticidad.<\/p>\n<p>Adem\u00e1s, la creciente popularidad de los personajes ha llevado a marcas a colaborar y presentar colecciones inspiradas en los estilos de la serie, abriendo una ventana a nuevas posibilidades dentro de la moda laboral.<\/p>\n<h3>Conclusi\u00f3n<\/h3>\n<p>A medida que &#8220;La Oficina&#8221; contin\u00faa ganando adeptos, su impacto en el mundo de la moda se torna innegable. La forma en que los personajes utilizan la moda para contar sus historias no solo enriquece la experiencia del espectador, sino que tambi\u00e9n establece nuevos est\u00e1ndares en la vestimenta profesional. Sin duda, esta serie ha creado un di\u00e1logo que seguir\u00e1 resonando mucho m\u00e1s all\u00e1 del peque\u00f1o pantalla, invitando a todos a explorar su propio estilo con confianza y creatividad.<\/p>\n<p><em> &#8221; Fuentes www.vogue.mx &#8221; <\/em><\/p>\n","protected":false},"excerpt":{"rendered":"<p>El Estilo Inconfundible de &#8220;La Oficina&#8221;: Un Vistazo a su Reparto y Moda En el panorama actual de la televisi\u00f3n mexicana, &#8220;La Oficina&#8221; ha irrumpido con una propuesta fresca y aut\u00e9ntica, no solo en t\u00e9rminos de contenido, sino tambi\u00e9n en el \u00e1mbito del estilo. La serie, ambientada en un ambiente laboral lleno de contrastes y [&hellip;]<\/p>\n","protected":false},"author":14,"featured_media":1128325,"comment_status":"open","ping_status":"closed","sticky":false,"template":"","format":"standard","meta":{"om_disable_all_campaigns":false,"jnews-multi-image_gallery":[],"jnews_single_post":[],"jnews_primary_category":[],"jnews_social_meta":[],"footnotes":""},"categories":[144872],"tags":[23275,13247,193209,272262,769,4049,39144],"class_list":["post-1128324","post","type-post","status-publish","format-standard","has-post-thumbnail","hentry","category-fashion","tag-actores","tag-amazon-prime-video","tag-elenco","tag-la-oficina","tag-mexico","tag-personajes","tag-series-de-tv"],"_links":{"self":[{"href":"https:\/\/dimensionturistica.com\/es\/wp-json\/wp\/v2\/posts\/1128324","targetHints":{"allow":["GET"]}}],"collection":[{"href":"https:\/\/dimensionturistica.com\/es\/wp-json\/wp\/v2\/posts"}],"about":[{"href":"https:\/\/dimensionturistica.com\/es\/wp-json\/wp\/v2\/types\/post"}],"author":[{"embeddable":true,"href":"https:\/\/dimensionturistica.com\/es\/wp-json\/wp\/v2\/users\/14"}],"replies":[{"embeddable":true,"href":"https:\/\/dimensionturistica.com\/es\/wp-json\/wp\/v2\/comments?post=1128324"}],"version-history":[{"count":1,"href":"https:\/\/dimensionturistica.com\/es\/wp-json\/wp\/v2\/posts\/1128324\/revisions"}],"predecessor-version":[{"id":1128326,"href":"https:\/\/dimensionturistica.com\/es\/wp-json\/wp\/v2\/posts\/1128324\/revisions\/1128326"}],"wp:featuredmedia":[{"embeddable":true,"href":"https:\/\/dimensionturistica.com\/es\/wp-json\/wp\/v2\/media\/1128325"}],"wp:attachment":[{"href":"https:\/\/dimensionturistica.com\/es\/wp-json\/wp\/v2\/media?parent=1128324"}],"wp:term":[{"taxonomy":"category","embeddable":true,"href":"https:\/\/dimensionturistica.com\/es\/wp-json\/wp\/v2\/categories?post=1128324"},{"taxonomy":"post_tag","embeddable":true,"href":"https:\/\/dimensionturistica.com\/es\/wp-json\/wp\/v2\/tags?post=1128324"}],"curies":[{"name":"wp","href":"https:\/\/api.w.org\/{rel}","templated":true}]}}