{"id":1128036,"date":"2026-03-21T11:38:45","date_gmt":"2026-03-21T11:38:45","guid":{"rendered":"https:\/\/dimensionturistica.com\/es\/?p=1128036"},"modified":"2026-03-21T11:38:45","modified_gmt":"2026-03-21T11:38:45","slug":"ultimas-disponibilidades-en-la-costa-y-en-el-interior","status":"publish","type":"post","link":"https:\/\/dimensionturistica.com\/es\/ultimas-disponibilidades-en-la-costa-y-en-el-interior\/","title":{"rendered":"\u00daltimas disponibilidades en la costa y en el interior"},"content":{"rendered":"<h3>Descubriendo el Encanto de la Costa Interior: Oportunidades \u00danicas para Viajar<\/h3>\n<p>Si est\u00e1s buscando una experiencia de viaje \u00fanica que combine tranquilidad, aventura y la belleza natural de nuestro pa\u00eds, no puedes dejar pasar la oportunidad de explorar la Costa Interior. Con un atractivo irresistible que invita a descubrir sus paisajes, su cultura y su gastronom\u00eda, esta zona se est\u00e1 posicionando como uno de los destinos m\u00e1s deseados para los viajeros.<\/p>\n<h4>La Experiencia de Viajar Adaptado<\/h4>\n<p>Viajar no deber\u00eda ser una limitaci\u00f3n para nadie. Con la llegada de programas adaptados para personas con dependencia, se abren nuevas puertas a la exploraci\u00f3n y el disfrute de experiencias inolvidables. En este contexto, la Costa Interior se presenta como el lugar ideal para quienes buscan un descanso accesible y enriquecedor. Se han dise\u00f1ado itinerarios que se preocupan por hacer que cada aspecto del viaje, desde el alojamiento hasta las actividades, sea inclusivo y c\u00f3modo.<\/p>\n<h4>Un Recorrido por Paisajes Espectaculares<\/h4>\n<p>Imagina pasear por rutas naturales que te llevan a trav\u00e9s de bosques frondosos, r\u00edos cristalinos y colinas llenas de vida. La Costa Interior ofrece una paleta de colores en todas las estaciones, haciendo que cada visita sea diferente y cautivadora. Aquellos que disfrutan del senderismo podr\u00e1n encontrar trayectos adaptados que permiten conectarse con la naturaleza sin dificultad.<\/p>\n<p>Uno de los aspectos m\u00e1s destacados es la posibilidad de explorar peque\u00f1os pueblos con encanto, donde la historia y la tradici\u00f3n se entrelazan. Saborear la gastronom\u00eda local es otra experiencia que no te puedes perder; platos t\u00edpicos que reflejan la esencia de la regi\u00f3n deleitar\u00e1n tu paladar y te brindar\u00e1n una conexi\u00f3n profunda con la cultura local.<\/p>\n<h4>Actividades para Todos los Gustos<\/h4>\n<p>Desde excursiones en grupo hasta actividades personalizadas, hay algo para cada tipo de viajero. Y si buscas un poco de aventura, puedes probar deportes acu\u00e1ticos, recorrer en bicicleta la costa o simplemente relajarte en una de las maravillosas playas que salpican el litoral. Las opciones son infinitas.<\/p>\n<p>Adem\u00e1s, el aspecto social de estos viajes es fundamental. Compartir experiencias con otros viajeros, crear empat\u00eda y nuevas amistades son parte del encanto de estas escapadas. La combinaci\u00f3n de diversi\u00f3n y camarader\u00eda convierte cada viaje en una experiencia emocionalmente enriquecedora.<\/p>\n<h4>\u00daltimas Oportunidades<\/h4>\n<p>La demanda para vivir estas experiencias est\u00e1 en aumento, y cada vez m\u00e1s personas est\u00e1n descubriendo la magia de la Costa Interior. Por ello, es esencial no esperar demasiado. Las \u00faltimas plazas disponibles para estos viajes adaptados son la puerta de entrada a una aventura llena de recuerdos que durar\u00e1n toda la vida.<\/p>\n<h3>Conclusi\u00f3n<\/h3>\n<p>La Costa Interior no solo representa un destino tur\u00edstico. Es un lugar donde cada visitante puede encontrar su espacio, disfrutar de la naturaleza, la cultura y, sobre todo, la calidez de su gente. Si est\u00e1s listo para emprender un viaje que seguramente tocar\u00e1 tu coraz\u00f3n, no dudes en hacer las maletas. La Costa Interior te espera con los brazos abiertos y un sinf\u00edn de maravillas por descubrir.<\/p>\n<p><em> &#8221; Sources dxtadaptado.com &#8221; <\/em><\/p>\n","protected":false},"excerpt":{"rendered":"<p>Descubriendo el Encanto de la Costa Interior: Oportunidades \u00danicas para Viajar Si est\u00e1s buscando una experiencia de viaje \u00fanica que combine tranquilidad, aventura y la belleza natural de nuestro pa\u00eds, no puedes dejar pasar la oportunidad de explorar la Costa Interior. Con un atractivo irresistible que invita a descubrir sus paisajes, su cultura y su [&hellip;]<\/p>\n","protected":false},"author":4,"featured_media":1128037,"comment_status":"open","ping_status":"closed","sticky":false,"template":"","format":"standard","meta":{"om_disable_all_campaigns":false,"jnews-multi-image_gallery":[],"jnews_single_post":[],"jnews_primary_category":[],"jnews_social_meta":[],"footnotes":""},"categories":[40],"tags":[5612,63175,3322,3340,3584,1865,544,211144,1861,545],"class_list":["post-1128036","post","type-post","status-publish","format-standard","has-post-thumbnail","hentry","category-industria","tag-costa","tag-disponibilidad","tag-interior","tag-libres","tag-oferta","tag-reservas","tag-turismo","tag-ultimas-plazas","tag-vacaciones","tag-viajes"],"_links":{"self":[{"href":"https:\/\/dimensionturistica.com\/es\/wp-json\/wp\/v2\/posts\/1128036","targetHints":{"allow":["GET"]}}],"collection":[{"href":"https:\/\/dimensionturistica.com\/es\/wp-json\/wp\/v2\/posts"}],"about":[{"href":"https:\/\/dimensionturistica.com\/es\/wp-json\/wp\/v2\/types\/post"}],"author":[{"embeddable":true,"href":"https:\/\/dimensionturistica.com\/es\/wp-json\/wp\/v2\/users\/4"}],"replies":[{"embeddable":true,"href":"https:\/\/dimensionturistica.com\/es\/wp-json\/wp\/v2\/comments?post=1128036"}],"version-history":[{"count":1,"href":"https:\/\/dimensionturistica.com\/es\/wp-json\/wp\/v2\/posts\/1128036\/revisions"}],"predecessor-version":[{"id":1128038,"href":"https:\/\/dimensionturistica.com\/es\/wp-json\/wp\/v2\/posts\/1128036\/revisions\/1128038"}],"wp:featuredmedia":[{"embeddable":true,"href":"https:\/\/dimensionturistica.com\/es\/wp-json\/wp\/v2\/media\/1128037"}],"wp:attachment":[{"href":"https:\/\/dimensionturistica.com\/es\/wp-json\/wp\/v2\/media?parent=1128036"}],"wp:term":[{"taxonomy":"category","embeddable":true,"href":"https:\/\/dimensionturistica.com\/es\/wp-json\/wp\/v2\/categories?post=1128036"},{"taxonomy":"post_tag","embeddable":true,"href":"https:\/\/dimensionturistica.com\/es\/wp-json\/wp\/v2\/tags?post=1128036"}],"curies":[{"name":"wp","href":"https:\/\/api.w.org\/{rel}","templated":true}]}}