{"id":1128003,"date":"2026-03-21T09:42:45","date_gmt":"2026-03-21T09:42:45","guid":{"rendered":"https:\/\/dimensionturistica.com\/es\/?p=1128003"},"modified":"2026-03-21T09:42:45","modified_gmt":"2026-03-21T09:42:45","slug":"marcas-de-belleza-los-mejores-looks-de-la-semana-16","status":"publish","type":"post","link":"https:\/\/dimensionturistica.com\/es\/marcas-de-belleza-los-mejores-looks-de-la-semana-16\/","title":{"rendered":"Marcas de Belleza: Los Mejores Looks de la Semana"},"content":{"rendered":"<h1>Tendencias de Belleza que Marcaron la Semana: Un Recorrido por los Looks M\u00e1s Impactantes<\/h1>\n<p>La industria de la moda nunca se detiene y, con ella, la belleza. Esta semana, un desfile de propuestas fascinantes ha capturado la atenci\u00f3n de todos, transformando las pasarelas y los eventos sociales en verdaderas galer\u00edas de arte. Acomp\u00e1\u00f1anos a explorar los looks que han dejado su huella y que, sin duda, estar\u00e1n en el centro de conversaci\u00f3n entre los amantes de la moda.<\/p>\n<h3>Sombras de Color: Un Lienzo Creativo<\/h3>\n<p>Los ojos han sido el foco de atenci\u00f3n, con un estallido de colores vibrantes y formas audaces. Tonalidades como el azul el\u00e9ctrico y el naranja intenso se adue\u00f1aron de las miradas, creando un efecto visual impactante. Este a\u00f1o, la creatividad no tiene l\u00edmites, y las sombras se aplican en formas geom\u00e9tricas y mezclas atrevidas que desaf\u00edan las convenciones cl\u00e1sicas. Sin duda, un llamado a todos aquellos que deseen expresar su personalidad a trav\u00e9s del maquillaje.<\/p>\n<h3>Labios que Hablan: Colores Llamativos y Acabados Brillantes<\/h3>\n<p>Los labios tambi\u00e9n han tenido su momento destacado. Las gamas de rojos saturados y rosas chicle han sido las elegidas para complementar este auge creativo. Con acabados brillantes, estos tonos aportan frescura y un aire juvenil, perfectos para cualquier ocasi\u00f3n. La tendencia apunta hacia la simplicidad en el resto del maquillaje, permitiendo que los labios se conviertan en verdaderos protagonistas.<\/p>\n<h3>Glow Natural: La Belleza de la Piel<\/h3>\n<p>En un contraste notable, el enfoque hacia la piel ha cambiado hacia una apariencia m\u00e1s natural y luminosa. Bases ligeras y productos iluminadores realzan el brillo natural del rostro, evitando el efecto acabado mate. Esta versatilidad permite que cada rostro brille con su propia esencia, promoviendo una celebraci\u00f3n de la individualidad y la autenticidad.<\/p>\n<h3>Peinados Innovadores: De lo Cl\u00e1sico a lo Vanguardista<\/h3>\n<p>No se puede hablar de belleza sin mencionar los peinados que han complementado estos looks. Desde coletas altas y pulidas hasta ondas desenfadadas, los estilos propuestos abarcan tanto el clasicismo como la vanguardia. Las trenzas, siempre en tendencia, se reinventan con detalles \u00fanicos, como accesorios brillantes que les a\u00f1aden un toque especial. Este enfoque en la versatilidad del peinado invita a experimentar y a personalizar cada look.<\/p>\n<h3>Detalles que Impactan: Accesorios para Resaltar<\/h3>\n<p>Los accesorios han sido el toque final imprescindible. Desde pendientes llamativos hasta horquillas con detalles met\u00e1licos, cada adorno ha sido elegido con precisi\u00f3n para maximizar el impacto visual. Estos complementos no solo embellecen, sino que tambi\u00e9n cuentan una historia, convirti\u00e9ndose en una extensi\u00f3n del estilo personal de cada uno.<\/p>\n<h3>El Colof\u00f3n Perfecto<\/h3>\n<p>La semana ha sido un verdadero fest\u00edn visual que invita a todos a experimentar con su rutina de belleza. Las propuestas son vers\u00e1tiles y se adaptan a cada individualidad, convirti\u00e9ndose en una poderosa fuente de inspiraci\u00f3n. La moda no es solo lo que llevamos, sino c\u00f3mo lo llevamos; en este sentido, los \u00faltimos looks nos recuerdan que la verdadera belleza reside en la creatividad y la autenticidad. <\/p>\n<p>En este din\u00e1mico universo de glamour y estilo, cada semana se convierte en una nueva oportunidad para reinventarse. \u00a1Est\u00e9 atento a las pr\u00f3ximas tendencias que seguir\u00e1n transformando la manera en que vemos la belleza!<\/p>\n<p><em> &#8221; Fuentes www.vogue.com &#8221; <\/em><\/p>\n","protected":false},"excerpt":{"rendered":"<p>Tendencias de Belleza que Marcaron la Semana: Un Recorrido por los Looks M\u00e1s Impactantes La industria de la moda nunca se detiene y, con ella, la belleza. Esta semana, un desfile de propuestas fascinantes ha capturado la atenci\u00f3n de todos, transformando las pasarelas y los eventos sociales en verdaderas galer\u00edas de arte. Acomp\u00e1\u00f1anos a explorar [&hellip;]<\/p>\n","protected":false},"author":14,"featured_media":1128004,"comment_status":"open","ping_status":"closed","sticky":false,"template":"","format":"standard","meta":{"om_disable_all_campaigns":false,"jnews-multi-image_gallery":[],"jnews_single_post":[],"jnews_primary_category":[],"jnews_social_meta":[],"footnotes":""},"categories":[144872],"tags":[208639,72867,211768,201306,204028,190460,166,272230,203896,120189,217117,373,198563],"class_list":["post-1128003","post","type-post","status-publish","format-standard","has-post-thumbnail","hentry","category-fashion","tag-_votingservice_app","tag-beauty","tag-beauty-highlights","tag-beauty-looks","tag-beauty-marks","tag-cosmetics","tag-fashion","tag-hair-looks","tag-makeup-trends","tag-skincare","tag-storytypenews-trending","tag-web","tag-weekly-roundup"],"_links":{"self":[{"href":"https:\/\/dimensionturistica.com\/es\/wp-json\/wp\/v2\/posts\/1128003","targetHints":{"allow":["GET"]}}],"collection":[{"href":"https:\/\/dimensionturistica.com\/es\/wp-json\/wp\/v2\/posts"}],"about":[{"href":"https:\/\/dimensionturistica.com\/es\/wp-json\/wp\/v2\/types\/post"}],"author":[{"embeddable":true,"href":"https:\/\/dimensionturistica.com\/es\/wp-json\/wp\/v2\/users\/14"}],"replies":[{"embeddable":true,"href":"https:\/\/dimensionturistica.com\/es\/wp-json\/wp\/v2\/comments?post=1128003"}],"version-history":[{"count":1,"href":"https:\/\/dimensionturistica.com\/es\/wp-json\/wp\/v2\/posts\/1128003\/revisions"}],"predecessor-version":[{"id":1128005,"href":"https:\/\/dimensionturistica.com\/es\/wp-json\/wp\/v2\/posts\/1128003\/revisions\/1128005"}],"wp:featuredmedia":[{"embeddable":true,"href":"https:\/\/dimensionturistica.com\/es\/wp-json\/wp\/v2\/media\/1128004"}],"wp:attachment":[{"href":"https:\/\/dimensionturistica.com\/es\/wp-json\/wp\/v2\/media?parent=1128003"}],"wp:term":[{"taxonomy":"category","embeddable":true,"href":"https:\/\/dimensionturistica.com\/es\/wp-json\/wp\/v2\/categories?post=1128003"},{"taxonomy":"post_tag","embeddable":true,"href":"https:\/\/dimensionturistica.com\/es\/wp-json\/wp\/v2\/tags?post=1128003"}],"curies":[{"name":"wp","href":"https:\/\/api.w.org\/{rel}","templated":true}]}}