{"id":1127896,"date":"2026-03-21T03:50:19","date_gmt":"2026-03-21T03:50:19","guid":{"rendered":"https:\/\/dimensionturistica.com\/es\/?p=1127896"},"modified":"2026-03-21T03:50:19","modified_gmt":"2026-03-21T03:50:19","slug":"cicar-amplia-su-impacto-en-b-travel-2026-el-salon-internacional-de-turismo-en-barcelona","status":"publish","type":"post","link":"https:\/\/dimensionturistica.com\/es\/cicar-amplia-su-impacto-en-b-travel-2026-el-salon-internacional-de-turismo-en-barcelona\/","title":{"rendered":"CICAR Ampl\u00eda su Impacto en B-Travel 2026, el Sal\u00f3n Internacional de Turismo en Barcelona"},"content":{"rendered":"<h3>Cicars y su Impacto en el Turismo: Un Encuentro en Barcelona<\/h3>\n<p>El mundo del turismo es un mosaico que conecta culturas, destinos y experiencias. En este contexto, empresas como Cicar se destacan por su compromiso con el viajero, ofreciendo soluciones que facilitan la movilidad y la exploraci\u00f3n de nuevos horizontes. Recientemente, Cicar ha hecho una fuerte apuesta por reforzar su presencia en B-Travel 2026, el sal\u00f3n internacional del turismo que se lleva a cabo en Barcelona. Este evento es una plataforma \u00fanica para intercambiar ideas, presentar novedades y establecer conexiones cruciales en el \u00e1mbito tur\u00edstico.<\/p>\n<p>En un ambiente vibrante y lleno de entusiasmo, Cicar ha mostrado su determinaci\u00f3n de ser un pilar en el sector tur\u00edstico, especialmente en un momento en que las din\u00e1micas de viaje est\u00e1n evolucionando. La participaci\u00f3n en B-Travel permite a la empresa canaria consolidar su imagen y fortalecer su red de contactos. No solo se trata de ofrecer alquiler de coches; su enfoque va m\u00e1s all\u00e1, buscando ofrecer experiencias personalizadas que se adapten a las necesidades de cada viajero.<\/p>\n<p>Durante el evento, se han destacado los atractivos de las Islas Canarias. Este archipi\u00e9lago se ha posicionado como un destino tur\u00edstico esencial, gracias a su clima privilegiado, paisajes impresionantes y una rica oferta cultural. Cicar, como parte integral de esta experiencia, se esfuerza por promover no solo el sol y la playa, sino tambi\u00e9n el patrimonio natural y cultural de las islas.<\/p>\n<p>Los representantes de Cicar en B-Travel han capturado la atenci\u00f3n de los asistentes con su pasi\u00f3n por el turismo canario y su capacidad para innovar en un sector en constante cambio. Con el advento de nuevas tecnolog\u00edas y la creciente importancia de la sostenibilidad, la forma en que se exploran los destinos tambi\u00e9n est\u00e1 evolucionando. Cicar est\u00e1 a la vanguardia de este cambio, ofreciendo servicios que no solo son atractivos, sino tambi\u00e9n responsables.<\/p>\n<p>La sostenibilidad es un tema que no puede pasarse por alto y que aborda Cicar con seriedad. Su enfoque incorpora pr\u00e1cticas que buscan minimizar el impacto ambiental, promoviendo un turismo consciente que beneficia tanto a los viajeros como a las comunidades locales.<\/p>\n<p>Asimismo, el sal\u00f3n de turismo no solo es un espacio para exhibir productos y servicios, sino tambi\u00e9n para fomentar un di\u00e1logo enriquecedor. La curiosidad de los visitantes y el deseo de descubrir nuevas formas de viajar dividen sus intereses entre la tradici\u00f3n y la innovaci\u00f3n. Cicar, al ser parte de este di\u00e1logo, se posiciona como un referente en la evoluci\u00f3n del sector, ofreciendo un servicio de calidad que enriquece la experiencia del viajero en las Islas Canarias.<\/p>\n<p>La din\u00e1mica de eventos como B-Travel es, sin duda, fundamental para el futuro del turismo. Permiten a los profesionales del sector compartir conocimientos y establecer alianzas que pueden ser clave para enfrentar los desaf\u00edos de un mundo post-pandemia. La presencia de Cicar es un recordatorio de que el compromiso y la adaptabilidad son esenciales para seguir siendo relevantes en un mercado tan competitivo.<\/p>\n<p>Como turistas, al elegir qu\u00e9 destinos explorar y qu\u00e9 servicios utilizar, es crucial considerar las empresas que no solo buscan el \u00e9xito comercial, sino que tambi\u00e9n valoran la experiencia del viajero y el impacto en el entorno. La Cicar, al fortalecer su presencia en eventos como B-Travel, demuestra su intenci\u00f3n de ser un actor responsable y proactivo en el sector, haciendo que la aventura por las hermosas Islas Canarias sea m\u00e1s accesible y sostenible.<\/p>\n<p>En conclusi\u00f3n, el turismo es una celebraci\u00f3n de encuentros, paisajes y culturas. La participaci\u00f3n de Cicar en B-Travel 2026 impulsa un futuro donde cada viaje sea sin\u00f3nimo de experiencia enriquecedora y de respeto hacia los destinos visitados, reflejando el poder del turismo como conector humano en el mundo.<\/p>\n<p><em> &#8221; Sources www.gomeranoticias.com &#8221; <\/em><\/p>\n","protected":false},"excerpt":{"rendered":"<p>Cicars y su Impacto en el Turismo: Un Encuentro en Barcelona El mundo del turismo es un mosaico que conecta culturas, destinos y experiencias. En este contexto, empresas como Cicar se destacan por su compromiso con el viajero, ofreciendo soluciones que facilitan la movilidad y la exploraci\u00f3n de nuevos horizontes. Recientemente, Cicar ha hecho una [&hellip;]<\/p>\n","protected":false},"author":4,"featured_media":1127897,"comment_status":"open","ping_status":"closed","sticky":false,"template":"","format":"standard","meta":{"om_disable_all_campaigns":false,"jnews-multi-image_gallery":[],"jnews_single_post":[],"jnews_primary_category":[],"jnews_social_meta":[],"footnotes":""},"categories":[40],"tags":[24001,272175,2917,272204,117954,724,1061,1296,3067,151654,544,545],"class_list":["post-1127896","post","type-post","status-publish","format-standard","has-post-thumbnail","hentry","category-industria","tag-b-travel","tag-b-travel-2026","tag-barcelona","tag-cabrera-medina","tag-cicar","tag-eventos","tag-feria","tag-industria-turistica","tag-promocion-turistica","tag-salon-del-turismo","tag-turismo","tag-viajes"],"_links":{"self":[{"href":"https:\/\/dimensionturistica.com\/es\/wp-json\/wp\/v2\/posts\/1127896","targetHints":{"allow":["GET"]}}],"collection":[{"href":"https:\/\/dimensionturistica.com\/es\/wp-json\/wp\/v2\/posts"}],"about":[{"href":"https:\/\/dimensionturistica.com\/es\/wp-json\/wp\/v2\/types\/post"}],"author":[{"embeddable":true,"href":"https:\/\/dimensionturistica.com\/es\/wp-json\/wp\/v2\/users\/4"}],"replies":[{"embeddable":true,"href":"https:\/\/dimensionturistica.com\/es\/wp-json\/wp\/v2\/comments?post=1127896"}],"version-history":[{"count":1,"href":"https:\/\/dimensionturistica.com\/es\/wp-json\/wp\/v2\/posts\/1127896\/revisions"}],"predecessor-version":[{"id":1127898,"href":"https:\/\/dimensionturistica.com\/es\/wp-json\/wp\/v2\/posts\/1127896\/revisions\/1127898"}],"wp:featuredmedia":[{"embeddable":true,"href":"https:\/\/dimensionturistica.com\/es\/wp-json\/wp\/v2\/media\/1127897"}],"wp:attachment":[{"href":"https:\/\/dimensionturistica.com\/es\/wp-json\/wp\/v2\/media?parent=1127896"}],"wp:term":[{"taxonomy":"category","embeddable":true,"href":"https:\/\/dimensionturistica.com\/es\/wp-json\/wp\/v2\/categories?post=1127896"},{"taxonomy":"post_tag","embeddable":true,"href":"https:\/\/dimensionturistica.com\/es\/wp-json\/wp\/v2\/tags?post=1127896"}],"curies":[{"name":"wp","href":"https:\/\/api.w.org\/{rel}","templated":true}]}}