{"id":1127893,"date":"2026-03-21T03:41:45","date_gmt":"2026-03-21T03:41:45","guid":{"rendered":"https:\/\/dimensionturistica.com\/es\/?p=1127893"},"modified":"2026-03-21T03:41:45","modified_gmt":"2026-03-21T03:41:45","slug":"simplemente-explorando-prendas-suaves-tejidos-vibrantes-y-vestidos-elegantes-en-la-nueva-sucursal-de-madison-avenue","status":"publish","type":"post","link":"https:\/\/dimensionturistica.com\/es\/simplemente-explorando-prendas-suaves-tejidos-vibrantes-y-vestidos-elegantes-en-la-nueva-sucursal-de-madison-avenue\/","title":{"rendered":"Simplemente Explorando: Prendas Suaves, Tejidos Vibrantes y Vestidos Elegantes en la Nueva Sucursal de Madison Avenue"},"content":{"rendered":"<h3>La Evoluci\u00f3n del Estilo: Una Nueva Era en la Moda Sostenible<\/h3>\n<p>En un mundo donde la moda r\u00e1pida a menudo eclipsa la creatividad y la sostenibilidad, surge una propuesta fresca que promete redefinir nuestro enfoque hacia el vestuario. La marca en cuesti\u00f3n ha logrado establecerse como un referente en la intersecci\u00f3n entre la est\u00e9tica bohemia y la responsabilidad ambiental, elevando la narrative de lo que significa \u201cvestir consciente\u201d.<\/p>\n<h4>El Resurgir del Hecho a Mano<\/h4>\n<p>La esencia de esta propuesta radica en el compromiso con la producci\u00f3n \u00e9tica. Cada prenda se elabora cuidando no solo la calidad de los materiales, sino tambi\u00e9n el bienestar de quienes los fabrican. Este enfoque otorga un car\u00e1cter \u00fanico a cada pieza, integrando detalles que reflejan la dedicaci\u00f3n y la pasi\u00f3n de los artesanos. Aquellos que eligen estas prendas no solo visten moda; se convierten en portavoces de una historia que aboga por pr\u00e1cticas m\u00e1s respetuosas con el planeta.<\/p>\n<h4>Colores y Texturas que Capturan la Esencia<\/h4>\n<p>Esta colecci\u00f3n se distingue por su paleta de colores terrosos combinados con estampados vibrantes que cuentan una historia, evocando una conexi\u00f3n profunda con la naturaleza. Los tejidos suaves y fluidos aportan una sensaci\u00f3n de libertad, permitiendo a quienes los usan expresarse a trav\u00e9s de su indumentaria. Adem\u00e1s, la versatilidad de las piezas permite crear m\u00faltiples looks, facilitando la transici\u00f3n entre diferentes ocasiones y estilos de vida.<\/p>\n<h4>La Influencia de la Comunidad<\/h4>\n<p>Una de las claves del \u00e9xito de esta marca ha sido su capacidad para construir una comunidad s\u00f3lida y comprometida. Las plataformas digitales se convierten en espacios de interacci\u00f3n donde los seguidores no solo consumen, sino que tambi\u00e9n participan activamente en la conversaci\u00f3n sobre moda y sostenibilidad. Esta interacci\u00f3n fomenta un sentido de pertenencia y comparte la visi\u00f3n de un futuro en el que el estilo y la \u00e9tica van de la mano.<\/p>\n<h4>Tendencias que Marcan el Futuro<\/h4>\n<p>Observando esta evoluci\u00f3n, queda claro que la moda del ma\u00f1ana no solo se centrar\u00e1 en lo est\u00e9tico, sino en un movimiento hacia la conciencia social y ambiental. Las marcas que comprendan esta conexi\u00f3n y se adapten a la demanda de productos responsables se ver\u00e1n beneficiadas. La tendencia hacia lo sostenible no solo es un capricho, sino una necesidad que est\u00e1 moldeando un nuevo paradigma en el mundo del dise\u00f1o.<\/p>\n<h4>Conclusiones Visibles en la Pasarela<\/h4>\n<p>Los desfiles de moda han comenzado a reflejar esta transformaci\u00f3n, donde la diversidad de cuerpos y estilos es celebrada, y la autenticidad se valora m\u00e1s que la perfecci\u00f3n. La moda deja de ser solo un espect\u00e1culo para convertirse en una plataforma de expresi\u00f3n personal y colectiva.<\/p>\n<p>Al observar el camino que ha tomado esta marca, se revela un modelo inspirador que merece ser seguido. La moda sostenible est\u00e1 aqu\u00ed, y su atractivo trasciende m\u00e1s all\u00e1 de las tendencias temporales; se establece como un estilo de vida que invita a reflexionar sobre nuestras elecciones y su impacto en el mundo.<\/p>\n<p>As\u00ed, el futuro de la moda se presenta lleno de posibilidades, donde cada prenda no solo adorna el cuerpo, sino que tambi\u00e9n cuenta una historia de esperanza, cambio y responsabilidad. La invitaci\u00f3n es clara: un\u00e1monos en esta b\u00fasqueda por una moda consciente.<\/p>\n<p><em> &#8221; Fuentes www.vogue.com &#8221; <\/em><\/p>\n","protected":false},"excerpt":{"rendered":"<p>La Evoluci\u00f3n del Estilo: Una Nueva Era en la Moda Sostenible En un mundo donde la moda r\u00e1pida a menudo eclipsa la creatividad y la sostenibilidad, surge una propuesta fresca que promete redefinir nuestro enfoque hacia el vestuario. La marca en cuesti\u00f3n ha logrado establecerse como un referente en la intersecci\u00f3n entre la est\u00e9tica bohemia [&hellip;]<\/p>\n","protected":false},"author":14,"featured_media":1127894,"comment_status":"open","ping_status":"closed","sticky":false,"template":"","format":"standard","meta":{"om_disable_all_campaigns":false,"jnews-multi-image_gallery":[],"jnews_single_post":[],"jnews_primary_category":[],"jnews_social_meta":[],"footnotes":""},"categories":[144872],"tags":[198537,198594,198536,198535,272203,221827,223295,166,166483,221447,204802,198499,202,272202,217122,372,198500,373,202048],"class_list":["post-1127893","post","type-post","status-publish","format-standard","has-post-thumbnail","hentry","category-fashion","tag-_commerce","tag-_sensitivecontent","tag-_seo","tag-_syndication_noshow","tag-colorful-knitwear","tag-doen","tag-elegant-dresses","tag-fashion","tag-flagship-store","tag-just-browsing","tag-madison-avenue","tag-onecolumn","tag-shopping","tag-silky-separates","tag-storytypecategory-guide-comparison","tag-style","tag-textabovecenterfullbleed","tag-web","tag-womenswear"],"_links":{"self":[{"href":"https:\/\/dimensionturistica.com\/es\/wp-json\/wp\/v2\/posts\/1127893","targetHints":{"allow":["GET"]}}],"collection":[{"href":"https:\/\/dimensionturistica.com\/es\/wp-json\/wp\/v2\/posts"}],"about":[{"href":"https:\/\/dimensionturistica.com\/es\/wp-json\/wp\/v2\/types\/post"}],"author":[{"embeddable":true,"href":"https:\/\/dimensionturistica.com\/es\/wp-json\/wp\/v2\/users\/14"}],"replies":[{"embeddable":true,"href":"https:\/\/dimensionturistica.com\/es\/wp-json\/wp\/v2\/comments?post=1127893"}],"version-history":[{"count":1,"href":"https:\/\/dimensionturistica.com\/es\/wp-json\/wp\/v2\/posts\/1127893\/revisions"}],"predecessor-version":[{"id":1127895,"href":"https:\/\/dimensionturistica.com\/es\/wp-json\/wp\/v2\/posts\/1127893\/revisions\/1127895"}],"wp:featuredmedia":[{"embeddable":true,"href":"https:\/\/dimensionturistica.com\/es\/wp-json\/wp\/v2\/media\/1127894"}],"wp:attachment":[{"href":"https:\/\/dimensionturistica.com\/es\/wp-json\/wp\/v2\/media?parent=1127893"}],"wp:term":[{"taxonomy":"category","embeddable":true,"href":"https:\/\/dimensionturistica.com\/es\/wp-json\/wp\/v2\/categories?post=1127893"},{"taxonomy":"post_tag","embeddable":true,"href":"https:\/\/dimensionturistica.com\/es\/wp-json\/wp\/v2\/tags?post=1127893"}],"curies":[{"name":"wp","href":"https:\/\/api.w.org\/{rel}","templated":true}]}}