{"id":1127742,"date":"2026-03-20T19:17:45","date_gmt":"2026-03-20T19:17:45","guid":{"rendered":"https:\/\/dimensionturistica.com\/es\/?p=1127742"},"modified":"2026-03-20T19:17:45","modified_gmt":"2026-03-20T19:17:45","slug":"cicar-amplia-su-participacion-en-b-travel-2026-la-feria-de-turismo-de-barcelona","status":"publish","type":"post","link":"https:\/\/dimensionturistica.com\/es\/cicar-amplia-su-participacion-en-b-travel-2026-la-feria-de-turismo-de-barcelona\/","title":{"rendered":"CICAR ampl\u00eda su participaci\u00f3n en B-Travel 2026, la Feria de Turismo de Barcelona"},"content":{"rendered":"<p><strong>Cicar Aumenta su Presencia en el Sal\u00f3n del Turismo de Barcelona<\/strong><\/p>\n<p>En el vibrante escenario del turismo europeo, el Sal\u00f3n B-Travel en Barcelona se ha consolidado como uno de los eventos m\u00e1s importantes del sector. Este a\u00f1o, Cicar, la renombrada empresa de alquiler de coches de las Islas Canarias, ha incrementado su participaci\u00f3n en este evento con el objetivo de destacar la belleza y singularidad de sus islas.<\/p>\n<p>B-Travel se transforma cada a\u00f1o en un punto de encuentro clave para profesionales del turismo, donde se dan cita empresas, destinos y viajeros en busca de inspiraci\u00f3n para sus pr\u00f3ximas aventuras. En esta edici\u00f3n, Cicar ha optado por presentar una oferta m\u00e1s robusta, enfatizando su compromiso con la sostenibilidad y la movilidad responsable en las Islas Canarias. Con flotas de veh\u00edculos eficientes y una atenci\u00f3n especial al impacto ambiental, Cicar se posiciona como un referente del alquiler consciente.<\/p>\n<p>Uno de los atractivos principales de esta participaci\u00f3n es la promoci\u00f3n de las distintas experiencias que pueden vivir los turistas en Lanzarote, Fuerteventura, Gran Canaria y Tenerife. Desde playas de ensue\u00f1o hasta paisajes volc\u00e1nicos \u00fanicos, las islas ofrecen un sinf\u00edn de oportunidades para los amantes de la naturaleza y la aventura. Cicar no solo renta coches; tambi\u00e9n se convierte en el puente que conecta a los visitantes con la rica cultura canaria, as\u00ed como con su gastronom\u00eda y tradiciones.<\/p>\n<p>La atenci\u00f3n personalizada es otro de los sellos distintivos de Cicar. En su stand, los visitantes pueden recibir asesoramiento espec\u00edfico sobre las mejores rutas, lugares imperdibles y actividades adaptadas a sus intereses. Esta estrategia no solo refuerza la experiencia del cliente, sino que tambi\u00e9n destaca la importancia de un turismo m\u00e1s informativo y satisfactorio.<\/p>\n<p>Adem\u00e1s, la implicaci\u00f3n de Cicar en el B-Travel subraya la creciente importancia del turismo interno y regional. A medida que el mundo se adapta a nuevas realidades, las islas canarias se convierten en un destino cada vez m\u00e1s atractivo para aquellos que buscan escapar de la rutina diaria. Con un clima templado casi todo el a\u00f1o y una diversidad de paisajes, las islas prometen un respiro reparador.<\/p>\n<p>En resumen, la presencia de Cicar en el Sal\u00f3n del Turismo de Barcelona representa m\u00e1s que una simple promoci\u00f3n. Es un paso firme hacia un turismo m\u00e1s responsable, que pone en valor la belleza \u00fanica de las Islas Canarias y su potencial como destino de primer nivel. Sin duda, los visitantes que se acerquen a su stand vivir\u00e1n una experiencia que trasciende lo convencional, encontrando en cada rinc\u00f3n de las islas una raz\u00f3n m\u00e1s para explorar y disfrutar de su esplendor.<\/p>\n<p><em> &#8221; Sources www.diariodelanzarote.com &#8221; <\/em><\/p>\n","protected":false},"excerpt":{"rendered":"<p>Cicar Aumenta su Presencia en el Sal\u00f3n del Turismo de Barcelona En el vibrante escenario del turismo europeo, el Sal\u00f3n B-Travel en Barcelona se ha consolidado como uno de los eventos m\u00e1s importantes del sector. Este a\u00f1o, Cicar, la renombrada empresa de alquiler de coches de las Islas Canarias, ha incrementado su participaci\u00f3n en este [&hellip;]<\/p>\n","protected":false},"author":4,"featured_media":1127743,"comment_status":"open","ping_status":"closed","sticky":false,"template":"","format":"standard","meta":{"om_disable_all_campaigns":false,"jnews-multi-image_gallery":[],"jnews_single_post":[],"jnews_primary_category":[],"jnews_social_meta":[],"footnotes":""},"categories":[40],"tags":[272175,2917,117954,724,1296,3067,151654,653,544,545],"class_list":["post-1127742","post","type-post","status-publish","format-standard","has-post-thumbnail","hentry","category-industria","tag-b-travel-2026","tag-barcelona","tag-cicar","tag-eventos","tag-industria-turistica","tag-promocion-turistica","tag-salon-del-turismo","tag-transporte","tag-turismo","tag-viajes"],"_links":{"self":[{"href":"https:\/\/dimensionturistica.com\/es\/wp-json\/wp\/v2\/posts\/1127742","targetHints":{"allow":["GET"]}}],"collection":[{"href":"https:\/\/dimensionturistica.com\/es\/wp-json\/wp\/v2\/posts"}],"about":[{"href":"https:\/\/dimensionturistica.com\/es\/wp-json\/wp\/v2\/types\/post"}],"author":[{"embeddable":true,"href":"https:\/\/dimensionturistica.com\/es\/wp-json\/wp\/v2\/users\/4"}],"replies":[{"embeddable":true,"href":"https:\/\/dimensionturistica.com\/es\/wp-json\/wp\/v2\/comments?post=1127742"}],"version-history":[{"count":1,"href":"https:\/\/dimensionturistica.com\/es\/wp-json\/wp\/v2\/posts\/1127742\/revisions"}],"predecessor-version":[{"id":1127744,"href":"https:\/\/dimensionturistica.com\/es\/wp-json\/wp\/v2\/posts\/1127742\/revisions\/1127744"}],"wp:featuredmedia":[{"embeddable":true,"href":"https:\/\/dimensionturistica.com\/es\/wp-json\/wp\/v2\/media\/1127743"}],"wp:attachment":[{"href":"https:\/\/dimensionturistica.com\/es\/wp-json\/wp\/v2\/media?parent=1127742"}],"wp:term":[{"taxonomy":"category","embeddable":true,"href":"https:\/\/dimensionturistica.com\/es\/wp-json\/wp\/v2\/categories?post=1127742"},{"taxonomy":"post_tag","embeddable":true,"href":"https:\/\/dimensionturistica.com\/es\/wp-json\/wp\/v2\/tags?post=1127742"}],"curies":[{"name":"wp","href":"https:\/\/api.w.org\/{rel}","templated":true}]}}