{"id":1127720,"date":"2026-03-20T18:35:43","date_gmt":"2026-03-20T18:35:43","guid":{"rendered":"https:\/\/dimensionturistica.com\/es\/?p=1127720"},"modified":"2026-03-20T18:35:43","modified_gmt":"2026-03-20T18:35:43","slug":"la-provincia-estuvo-presente-en-el-primer-encuentro-del-norte-argentino-conecta-celebrado-en-salta","status":"publish","type":"post","link":"https:\/\/dimensionturistica.com\/es\/la-provincia-estuvo-presente-en-el-primer-encuentro-del-norte-argentino-conecta-celebrado-en-salta\/","title":{"rendered":"La Provincia estuvo presente en el Primer Encuentro del Norte Argentino Conecta celebrado en Salta."},"content":{"rendered":"<h3>Un Encuentro para Conectar el Turismo en el Norte Argentino<\/h3>\n<p>El norte argentino, con su rica diversidad cultural y geogr\u00e1fica, se est\u00e1 posicionando como un destino tur\u00edstico de gran relevancia. Recientemente, Salta fue el escenario del primer Encuentro Norte Argentino &#8220;Conecta&#8221;, un evento que reuni\u00f3 a actores clave del turismo de la regi\u00f3n con el prop\u00f3sito de fomentar el desarrollo y la colaboraci\u00f3n entre provincias.<\/p>\n<p>Este encuentro no solo sirvi\u00f3 como un espacio de di\u00e1logo, sino que tambi\u00e9n impuls\u00f3 iniciativas para mejorar la conectividad y la infraestructura tur\u00edstica en una de las zonas m\u00e1s cautivadoras del pa\u00eds. La asistencia de representantes de diversas provincias, junto a operadores tur\u00edsticos y expertos del sector, dio lugar a mesas de trabajo enfocadas en temas cruciales como la promoci\u00f3n regional, la sostenibilidad y la capacitaci\u00f3n de recursos humanos.<\/p>\n<p>Uno de los aspectos m\u00e1s destacados del evento fue el inter\u00e9s en promover una oferta tur\u00edstica unificada que permita atraer a un mayor n\u00famero de visitantes. Se busca crear una narrativa com\u00fan que resalte las particularidades de cada provincia, desde las impresionantes monta\u00f1as de la Cordillera de los Andes hasta los valles f\u00e9rtiles que caracterizan a la regi\u00f3n. <\/p>\n<p>Las estrategias propuestas incluyen el desarrollo de rutas integradas que faciliten la visita a m\u00faltiples destinos en un solo viaje. Este tipo de iniciativas no solo beneficia a los turistas, quienes pueden disfrutar de un itinerario diverso, sino que tambi\u00e9n potencia la econom\u00eda local, generando empleo y oportunidades para los habitantes de la regi\u00f3n.<\/p>\n<p>Adem\u00e1s, se han planteado proyectos destinados a mejorar la capacitaci\u00f3n en el sector tur\u00edstico. La formaci\u00f3n de gu\u00edas locales, la creaci\u00f3n de programas de intercambio cultural y la implementaci\u00f3n de mejores pr\u00e1cticas en sostenibilidad son pasos fundamentales para garantizar una experiencia memorable y responsable para los viajeros.<\/p>\n<p>El ambiente de colaboraci\u00f3n que se respir\u00f3 durante este encuentro es un reflejo del compromiso colectivo hacia el crecimiento del turismo en el norte argentino. La mirada optimista de los participantes es una se\u00f1al de que, trabajando en conjunto, es posible afrontar los desaf\u00edos actuales y construir un futuro pr\u00f3spero para la regi\u00f3n.<\/p>\n<p>En definitiva, el primer Encuentro Norte Argentino &#8220;Conecta&#8221; en Salta se perfila como un hito en el camino hacia el fortalecimiento del turismo en el norte del pa\u00eds. Con el esfuerzo mancomunado de todas las partes involucradas, este rinc\u00f3n del pa\u00eds se prepara para recibir a visitantes de diversas partes del mundo, ofreciendo una experiencia \u00fanica que combina la belleza natural, la historia y la calidez de su gente. Al final, el encuentro dej\u00f3 claro que, en el turismo, las conexiones son el verdadero motor del desarrollo.<\/p>\n<p><em> &#8221; Sources catamarcartv.com &#8221; <\/em><\/p>\n","protected":false},"excerpt":{"rendered":"<p>Un Encuentro para Conectar el Turismo en el Norte Argentino El norte argentino, con su rica diversidad cultural y geogr\u00e1fica, se est\u00e1 posicionando como un destino tur\u00edstico de gran relevancia. Recientemente, Salta fue el escenario del primer Encuentro Norte Argentino &#8220;Conecta&#8221;, un evento que reuni\u00f3 a actores clave del turismo de la regi\u00f3n con el [&hellip;]<\/p>\n","protected":false},"author":4,"featured_media":1127721,"comment_status":"open","ping_status":"closed","sticky":false,"template":"","format":"standard","meta":{"om_disable_all_campaigns":false,"jnews-multi-image_gallery":[],"jnews_single_post":[],"jnews_primary_category":[],"jnews_social_meta":[],"footnotes":""},"categories":[40],"tags":[783,4569,6300,185978,3402,723,209779,82288,38578,7419,709,3750,544],"class_list":["post-1127720","post","type-post","status-publish","format-standard","has-post-thumbnail","hentry","category-industria","tag-agencias-de-viaje","tag-colaboracion","tag-conecta","tag-desarrollo-regional","tag-encuentro","tag-evento","tag-ministerio-de-cultura-turismo-y-deporte-de-catamarca","tag-networking","tag-norte-argentino","tag-participacion","tag-provincia","tag-salta","tag-turismo"],"_links":{"self":[{"href":"https:\/\/dimensionturistica.com\/es\/wp-json\/wp\/v2\/posts\/1127720","targetHints":{"allow":["GET"]}}],"collection":[{"href":"https:\/\/dimensionturistica.com\/es\/wp-json\/wp\/v2\/posts"}],"about":[{"href":"https:\/\/dimensionturistica.com\/es\/wp-json\/wp\/v2\/types\/post"}],"author":[{"embeddable":true,"href":"https:\/\/dimensionturistica.com\/es\/wp-json\/wp\/v2\/users\/4"}],"replies":[{"embeddable":true,"href":"https:\/\/dimensionturistica.com\/es\/wp-json\/wp\/v2\/comments?post=1127720"}],"version-history":[{"count":1,"href":"https:\/\/dimensionturistica.com\/es\/wp-json\/wp\/v2\/posts\/1127720\/revisions"}],"predecessor-version":[{"id":1127722,"href":"https:\/\/dimensionturistica.com\/es\/wp-json\/wp\/v2\/posts\/1127720\/revisions\/1127722"}],"wp:featuredmedia":[{"embeddable":true,"href":"https:\/\/dimensionturistica.com\/es\/wp-json\/wp\/v2\/media\/1127721"}],"wp:attachment":[{"href":"https:\/\/dimensionturistica.com\/es\/wp-json\/wp\/v2\/media?parent=1127720"}],"wp:term":[{"taxonomy":"category","embeddable":true,"href":"https:\/\/dimensionturistica.com\/es\/wp-json\/wp\/v2\/categories?post=1127720"},{"taxonomy":"post_tag","embeddable":true,"href":"https:\/\/dimensionturistica.com\/es\/wp-json\/wp\/v2\/tags?post=1127720"}],"curies":[{"name":"wp","href":"https:\/\/api.w.org\/{rel}","templated":true}]}}