{"id":1127528,"date":"2026-03-20T12:49:49","date_gmt":"2026-03-20T12:49:49","guid":{"rendered":"https:\/\/dimensionturistica.com\/es\/?p=1127528"},"modified":"2026-03-20T12:49:49","modified_gmt":"2026-03-20T12:49:49","slug":"cantabria-se-presenta-en-b-travel-barcelona-para-captar-la-atencion-de-los-turistas-catalanes","status":"publish","type":"post","link":"https:\/\/dimensionturistica.com\/es\/cantabria-se-presenta-en-b-travel-barcelona-para-captar-la-atencion-de-los-turistas-catalanes\/","title":{"rendered":"Cantabria se presenta en B-Travel Barcelona para captar la atenci\u00f3n de los turistas catalanes"},"content":{"rendered":"<h3>Descubre Cantabria: Un Destino Irresistible en la Fer\u00eda de Turismo de Barcelona<\/h3>\n<p>Cada a\u00f1o, la ciudad de Barcelona se convierte en el epicentro del turismo en Espa\u00f1a, y este 2020 no ha sido la excepci\u00f3n. En el Sal\u00f3n Tur\u00edstico de la ciudad condal, Cantabria, con su rica oferta cultural y paisaj\u00edstica, ha presentado su propuesta para atraer a viajeros catalanes que buscan nuevas aventuras y experiencias \u00fanicas.<\/p>\n<p>La esencia de Cantabria se encuentra en su diversidad. Desde las imponentes monta\u00f1as de Picos de Europa hasta las suaves olas de su costa, hay algo para todos los gustos. La comunidad ha apostado fuerte por mostrar al p\u00fablico sus tesoros ocultos, as\u00ed como sus actividades al aire libre, ideales para el turismo activo y la desconexi\u00f3n en la naturaleza. Para los amantes de la gastronom\u00eda, la presentaci\u00f3n incluy\u00f3 una muestra de sus platos m\u00e1s emblem\u00e1ticos, donde el sabor del mar y la riqueza de sus productos locales prometen deleitar incluso a los paladares m\u00e1s exigentes.<\/p>\n<p>Uno de los grandes atractivos de Cantabria es su patrimonio hist\u00f3rico y cultural. Las cuevas de Altamira, con sus famosas pinturas rupestres, son una ventana al pasado que ofrece a los visitantes una conexi\u00f3n profunda con la historia humana. Asimismo, la arquitectura de sus pueblos, como Santillana del Mar, es un viaje en el tiempo que resalta el encanto de la regi\u00f3n.<\/p>\n<p>El stand de Cantabria en el sal\u00f3n ha sido dise\u00f1ado para atraer la atenci\u00f3n de los asistentes con propuestas interactivas, donde no solo se ofrece informaci\u00f3n, sino que se invita a cada visitante a imaginar su propia aventura en este rinc\u00f3n del norte de Espa\u00f1a. Con un enfoque en el turismo responsable y sostenible, la comunidad busca atraer no solo a turistas, sino a aquellos que valoran el respeto por la naturaleza y la cultura local.<\/p>\n<p>Esta estrategia no solo tiene como objetivo incrementar el n\u00famero de visitantes, sino tambi\u00e9n consolidar a Cantabria como un destino preferente entre los turistas nacionales e internacionales. Con su oferta tan variada, el potencial de la regi\u00f3n es innegable, y los esfuerzos por darse a conocer en eventos de renombre son una apuesta por un futuro pr\u00f3spero en el sector tur\u00edstico.<\/p>\n<p>As\u00ed que, si est\u00e1s pensando en tu pr\u00f3xima escapada, Cantabria promete ser el lugar ideal. Un destino que combina naturaleza, cultura y gastronom\u00eda, esperando ser descubierto por aquellos que buscan una experiencia aut\u00e9ntica y memorable. La invitaci\u00f3n est\u00e1 abierta: ven y d\u00e9jate seducir por la magia de Cantabria.<\/p>\n<p><em> &#8221; Sources www.europapress.es &#8221; <\/em><\/p>\n","protected":false},"excerpt":{"rendered":"<p>Descubre Cantabria: Un Destino Irresistible en la Fer\u00eda de Turismo de Barcelona Cada a\u00f1o, la ciudad de Barcelona se convierte en el epicentro del turismo en Espa\u00f1a, y este 2020 no ha sido la excepci\u00f3n. En el Sal\u00f3n Tur\u00edstico de la ciudad condal, Cantabria, con su rica oferta cultural y paisaj\u00edstica, ha presentado su propuesta [&hellip;]<\/p>\n","protected":false},"author":4,"featured_media":1127529,"comment_status":"open","ping_status":"closed","sticky":false,"template":"","format":"standard","meta":{"om_disable_all_campaigns":false,"jnews-multi-image_gallery":[],"jnews_single_post":[],"jnews_primary_category":[],"jnews_social_meta":[],"footnotes":""},"categories":[40],"tags":[24001,2917,5845,178933,39411,7581,544,272112],"class_list":["post-1127528","post","type-post","status-publish","format-standard","has-post-thumbnail","hentry","category-industria","tag-b-travel","tag-barcelona","tag-cantabria","tag-eventos-de-viaje","tag-feria-turistica","tag-promocion","tag-turismo","tag-viajeros-catalanes"],"_links":{"self":[{"href":"https:\/\/dimensionturistica.com\/es\/wp-json\/wp\/v2\/posts\/1127528","targetHints":{"allow":["GET"]}}],"collection":[{"href":"https:\/\/dimensionturistica.com\/es\/wp-json\/wp\/v2\/posts"}],"about":[{"href":"https:\/\/dimensionturistica.com\/es\/wp-json\/wp\/v2\/types\/post"}],"author":[{"embeddable":true,"href":"https:\/\/dimensionturistica.com\/es\/wp-json\/wp\/v2\/users\/4"}],"replies":[{"embeddable":true,"href":"https:\/\/dimensionturistica.com\/es\/wp-json\/wp\/v2\/comments?post=1127528"}],"version-history":[{"count":1,"href":"https:\/\/dimensionturistica.com\/es\/wp-json\/wp\/v2\/posts\/1127528\/revisions"}],"predecessor-version":[{"id":1127530,"href":"https:\/\/dimensionturistica.com\/es\/wp-json\/wp\/v2\/posts\/1127528\/revisions\/1127530"}],"wp:featuredmedia":[{"embeddable":true,"href":"https:\/\/dimensionturistica.com\/es\/wp-json\/wp\/v2\/media\/1127529"}],"wp:attachment":[{"href":"https:\/\/dimensionturistica.com\/es\/wp-json\/wp\/v2\/media?parent=1127528"}],"wp:term":[{"taxonomy":"category","embeddable":true,"href":"https:\/\/dimensionturistica.com\/es\/wp-json\/wp\/v2\/categories?post=1127528"},{"taxonomy":"post_tag","embeddable":true,"href":"https:\/\/dimensionturistica.com\/es\/wp-json\/wp\/v2\/tags?post=1127528"}],"curies":[{"name":"wp","href":"https:\/\/api.w.org\/{rel}","templated":true}]}}