{"id":1127486,"date":"2026-03-20T10:40:51","date_gmt":"2026-03-20T10:40:51","guid":{"rendered":"https:\/\/dimensionturistica.com\/es\/?p=1127486"},"modified":"2026-03-20T10:40:51","modified_gmt":"2026-03-20T10:40:51","slug":"impulso-a-la-modificacion-de-la-normativa-sobre-viajes-combinados-aunque-se-alertan-sobre-cargas-excesivas","status":"publish","type":"post","link":"https:\/\/dimensionturistica.com\/es\/impulso-a-la-modificacion-de-la-normativa-sobre-viajes-combinados-aunque-se-alertan-sobre-cargas-excesivas\/","title":{"rendered":"Impulso a la modificaci\u00f3n de la normativa sobre viajes combinados, aunque se alertan sobre cargas excesivas."},"content":{"rendered":"<h3>Nuevos Vientos en el Turismo: Cambios en los Viajes Combinados<\/h3>\n<p>El sector del turismo est\u00e1 experimentando transformaciones significativas que buscan adaptarse a un entorno en constante evoluci\u00f3n. Uno de los cambios m\u00e1s relevantes en este \u00e1mbito es la revisi\u00f3n de la directiva de viajes combinados, impulsada por la CEAV (Confederaci\u00f3n Espa\u00f1ola de Agencias de Viajes). Este movimiento no solo se enfoca en modernizar las regulaciones, sino tambi\u00e9n en garantizar la seguridad y satisfacci\u00f3n de los viajeros, un aspecto crucial en la actualidad.<\/p>\n<h4>La Actualizaci\u00f3n Necesaria<\/h4>\n<p>La recentreforma busca actualizar la normativa existente, que a menudo se percibe como obsoleta frente a las nuevas formas de consumo tur\u00edstico. Los viajeros actuales no solo buscan paquetes tradicionales, sino experiencias m\u00e1s personalizadas y \u00fanicas, adaptadas a sus intereses. La CEAV est\u00e1 consciente de estos cambios y se ha propuesto fomentar un marco regulador que favorezca tanto a las agencias de viajes como a los consumidores.<\/p>\n<h4>Un Llamado a la Precauci\u00f3n<\/h4>\n<p>Sin embargo, mientras se busca modernizar esta directiva, la CEAV ha lanzado una advertencia sobre el peligro de imponer cargas excesivas a los operadores tur\u00edsticos. Es fundamental encontrar un equilibrio entre la protecci\u00f3n del consumidor y la viabilidad para las empresas. Un exceso de requisitos podr\u00eda limitar la creatividad e innovaci\u00f3n en la oferta de viajes, perjudicando el crecimiento del sector.<\/p>\n<h4>Innovaciones en la Experiencia del Viajero<\/h4>\n<p>Entre las propuestas de cambio, se est\u00e1n considerando pr\u00e1cticas que faciliten la personalizaci\u00f3n de paquetes tur\u00edsticos y optimicen la experiencia del cliente. Desde opciones flexibles de cancelaci\u00f3n hasta la integraci\u00f3n de servicios adicionales como gu\u00edas personalizados o reservas en restaurantes, la finalidad es que cada viaje sea \u00fanico. Estos ajustes permitir\u00edan a los profesionales del turismo adaptarse y responder mejor a las exigencias del mercado.<\/p>\n<h4>Un Futuro Prometedor<\/h4>\n<p>El impulso hacia la revisi\u00f3n de la directiva es un indicativo de que el sector est\u00e1 en constante movimiento y evoluci\u00f3n. La CEAV se enfrenta a un desaf\u00edo: crear un marco normativo que beneficie a todos los actores involucrados, sin comprometer la calidad del servicio ni la satisfacci\u00f3n del viajero. La colaboraci\u00f3n entre agencias, operadores y organismos reguladores ser\u00e1 clave para alcanzar un turismo m\u00e1s din\u00e1mico y sostenible.<\/p>\n<h3>Conclusi\u00f3n<\/h3>\n<p>El futuro de los viajes combinados en Espa\u00f1a parece prometedor, lleno de oportunidades para innovar y mejorar la experiencia del viajero. La CEAV se posiciona como un actor clave en esta transformaci\u00f3n, dispuesta a escuchar las necesidades tanto de las agencias como de los consumidores. Con el equilibrio adecuado entre regulaci\u00f3n y flexibilidad, el sector tur\u00edstico podr\u00e1 seguir siendo un motor vital de la econom\u00eda y un espacio donde las experiencias inolvidables se convierten en realidad.<\/p>\n<p><em> &#8221; Sources nexotur.com &#8221; <\/em><\/p>\n","protected":false},"excerpt":{"rendered":"<p>Nuevos Vientos en el Turismo: Cambios en los Viajes Combinados El sector del turismo est\u00e1 experimentando transformaciones significativas que buscan adaptarse a un entorno en constante evoluci\u00f3n. Uno de los cambios m\u00e1s relevantes en este \u00e1mbito es la revisi\u00f3n de la directiva de viajes combinados, impulsada por la CEAV (Confederaci\u00f3n Espa\u00f1ola de Agencias de Viajes). [&hellip;]<\/p>\n","protected":false},"author":4,"featured_media":1127487,"comment_status":"open","ping_status":"closed","sticky":false,"template":"","format":"standard","meta":{"om_disable_all_campaigns":false,"jnews-multi-image_gallery":[],"jnews_single_post":[],"jnews_primary_category":[],"jnews_social_meta":[],"footnotes":""},"categories":[40],"tags":[9047,271971,1230,1897,770,49517,41082,4020,544,545],"class_list":["post-1127486","post","type-post","status-publish","format-standard","has-post-thumbnail","hentry","category-industria","tag-cambios","tag-cargas-excesivas","tag-ceav","tag-directiva-de-viajes-combinados","tag-espana","tag-legislacion","tag-regulacion","tag-sector-turistico","tag-turismo","tag-viajes"],"_links":{"self":[{"href":"https:\/\/dimensionturistica.com\/es\/wp-json\/wp\/v2\/posts\/1127486","targetHints":{"allow":["GET"]}}],"collection":[{"href":"https:\/\/dimensionturistica.com\/es\/wp-json\/wp\/v2\/posts"}],"about":[{"href":"https:\/\/dimensionturistica.com\/es\/wp-json\/wp\/v2\/types\/post"}],"author":[{"embeddable":true,"href":"https:\/\/dimensionturistica.com\/es\/wp-json\/wp\/v2\/users\/4"}],"replies":[{"embeddable":true,"href":"https:\/\/dimensionturistica.com\/es\/wp-json\/wp\/v2\/comments?post=1127486"}],"version-history":[{"count":1,"href":"https:\/\/dimensionturistica.com\/es\/wp-json\/wp\/v2\/posts\/1127486\/revisions"}],"predecessor-version":[{"id":1127488,"href":"https:\/\/dimensionturistica.com\/es\/wp-json\/wp\/v2\/posts\/1127486\/revisions\/1127488"}],"wp:featuredmedia":[{"embeddable":true,"href":"https:\/\/dimensionturistica.com\/es\/wp-json\/wp\/v2\/media\/1127487"}],"wp:attachment":[{"href":"https:\/\/dimensionturistica.com\/es\/wp-json\/wp\/v2\/media?parent=1127486"}],"wp:term":[{"taxonomy":"category","embeddable":true,"href":"https:\/\/dimensionturistica.com\/es\/wp-json\/wp\/v2\/categories?post=1127486"},{"taxonomy":"post_tag","embeddable":true,"href":"https:\/\/dimensionturistica.com\/es\/wp-json\/wp\/v2\/tags?post=1127486"}],"curies":[{"name":"wp","href":"https:\/\/api.w.org\/{rel}","templated":true}]}}