{"id":1127375,"date":"2026-03-20T04:28:46","date_gmt":"2026-03-20T04:28:46","guid":{"rendered":"https:\/\/dimensionturistica.com\/es\/?p=1127375"},"modified":"2026-03-20T04:28:46","modified_gmt":"2026-03-20T04:28:46","slug":"fiebre-de-cabana-una-gala-de-noche-anual-con-estilo-chalet-chic-organizada-por-la-fundacion-de-produccion-artistica","status":"publish","type":"post","link":"https:\/\/dimensionturistica.com\/es\/fiebre-de-cabana-una-gala-de-noche-anual-con-estilo-chalet-chic-organizada-por-la-fundacion-de-produccion-artistica\/","title":{"rendered":"Fiebre de Caba\u00f1a: Una Gala de Noche Anual con Estilo Chalet Chic Organizada por la Fundaci\u00f3n de Producci\u00f3n Art\u00edstica."},"content":{"rendered":"<h3>Glamour y Creatividad: Un Vistazo a la Gala del Fondo de Producci\u00f3n Art\u00edstica 2026<\/h3>\n<p>En un deslumbrante espect\u00e1culo donde moda, arte y cultura se entrelazan, la Gala del Fondo de Producci\u00f3n Art\u00edstica 2026 se ha consolidado como un evento imprescindible en el calendario de la industria. Este a\u00f1o, el evento no solo destac\u00f3 la creatividad de destacados artistas, sino que tambi\u00e9n desat\u00f3 una ola de glamour que cautiv\u00f3 a todos los asistentes.<\/p>\n<h4>Un Escenario de Innovaci\u00f3n<\/h4>\n<p>La gala, realizada en un emblem\u00e1tico espacio de la ciudad, transform\u00f3 su entorno en un despliegue de innovaci\u00f3n. Con un dise\u00f1o que fusionaba elementos cl\u00e1sicos y contempor\u00e1neos, cada rinc\u00f3n invitaba a la exploraci\u00f3n, reflejando la esencia de la creatividad aplicada. Los organizadores, inspirados por el arte en todas sus formas, lograron un ambiente \u00fanico que estimul\u00f3 tanto a los creadores como a los asistentes.<\/p>\n<h4>Estrellas del Estilo<\/h4>\n<p>El desfile de celebridades en la alfombra roja fue \u00e9pico. Desde vestimentas audaces hasta atuendos que celebraban la haute couture, cada look contaba una historia. Dise\u00f1adores de renombre se unieron a talentos emergentes, produciendo combinaciones visuales que rompieron los moldes convencionales del estilo. Las elecciones de vestuario no solo fueron un reflejo del talento individual, sino tambi\u00e9n un claro comentario sobre las tendencias a seguir en el mundo de la moda.<\/p>\n<h4>Impacto en la Comunidad Creativa<\/h4>\n<p>La gala no solo trat\u00f3 sobre el lujo y el brillo; tambi\u00e9n puso en primer plano la importancia del apoyo a la creatividad. Mediante la recaudaci\u00f3n de fondos para proyectos art\u00edsticos, el evento subray\u00f3 la necesidad de invertir en el futuro del arte. Los fondos recaudados se destinar\u00e1n a iniciativas que permitir\u00e1n a los artistas desarrollar sus ideas y llevarlas a la vida, creando un ciclo continuo de innovaci\u00f3n y expresi\u00f3n.<\/p>\n<h4>Celebrando la Diversidad<\/h4>\n<p>Una de las notas m\u00e1s destacadas de la noche fue la celebraci\u00f3n de la diversidad. Artistas de diferentes culturas y antecedentes se unieron para mostrar c\u00f3mo la moda y el arte pueden ser plataformas inclusivas. Este enfoque no s\u00f3lo enriquece la narrativa visual, sino que tambi\u00e9n invita a repensar lo que significa la creatividad en un mundo globalizado.<\/p>\n<h4>Momentos Memorables<\/h4>\n<p>Entre las sorpresas de la noche, actuaciones inesperadas y discursos inspiradores mantuvieron la energ\u00eda elevada. Cada presentaci\u00f3n se dise\u00f1\u00f3 meticulosamente, asegurando que cada momento fuera memorable. Las interacciones entre los artistas y el p\u00fablico crearon un sentido de comunidad, reforzando la idea de que el arte trasciende las barreras y conecta a las personas.<\/p>\n<h4>Mirando hacia el Futuro<\/h4>\n<p>La Gala del Fondo de Producci\u00f3n Art\u00edstica 2026 no solo celebr\u00f3 el presente, sino que tambi\u00e9n proyect\u00f3 hacia el futuro. Las ideas y conexiones forjadas durante este evento prometen gestar nuevos movimientos creativos, impulsando la moda y el arte hacia destinos a\u00fan inexplorados. La noche sirvi\u00f3 como un recordatorio de que, en un mundo en constante cambio, el arte y la moda son fuerzas vitales que avanzan juntas.<\/p>\n<p>El evento ha dejado una huella indeleble en la industria, generando conversaciones que seguramente resonar\u00e1n en las semanas y meses siguientes. \u00a1La moda y el arte est\u00e1n m\u00e1s vivos que nunca!<\/p>\n<p><em> &#8221; Fuentes www.vogue.com &#8221; <\/em><\/p>\n","protected":false},"excerpt":{"rendered":"<p>Glamour y Creatividad: Un Vistazo a la Gala del Fondo de Producci\u00f3n Art\u00edstica 2026 En un deslumbrante espect\u00e1culo donde moda, arte y cultura se entrelazan, la Gala del Fondo de Producci\u00f3n Art\u00edstica 2026 se ha consolidado como un evento imprescindible en el calendario de la industria. Este a\u00f1o, el evento no solo destac\u00f3 la creatividad [&hellip;]<\/p>\n","protected":false},"author":14,"featured_media":1127376,"comment_status":"open","ping_status":"closed","sticky":false,"template":"","format":"standard","meta":{"om_disable_all_campaigns":false,"jnews-multi-image_gallery":[],"jnews_single_post":[],"jnews_primary_category":[],"jnews_social_meta":[],"footnotes":""},"categories":[144872],"tags":[272070,213980,210306,272068,272069,95492,25759,100498,207521,207865,203622],"class_list":["post-1127375","post","type-post","status-publish","format-standard","has-post-thumbnail","hentry","category-fashion","tag-annual-night-out","tag-art-production-fund","tag-arts-and-culture","tag-cabin-fever","tag-chalet-chic","tag-fundraising-event","tag-gala","tag-luxury-experience","tag-social-event","tag-themed-party","tag-vogue-parties"],"_links":{"self":[{"href":"https:\/\/dimensionturistica.com\/es\/wp-json\/wp\/v2\/posts\/1127375","targetHints":{"allow":["GET"]}}],"collection":[{"href":"https:\/\/dimensionturistica.com\/es\/wp-json\/wp\/v2\/posts"}],"about":[{"href":"https:\/\/dimensionturistica.com\/es\/wp-json\/wp\/v2\/types\/post"}],"author":[{"embeddable":true,"href":"https:\/\/dimensionturistica.com\/es\/wp-json\/wp\/v2\/users\/14"}],"replies":[{"embeddable":true,"href":"https:\/\/dimensionturistica.com\/es\/wp-json\/wp\/v2\/comments?post=1127375"}],"version-history":[{"count":1,"href":"https:\/\/dimensionturistica.com\/es\/wp-json\/wp\/v2\/posts\/1127375\/revisions"}],"predecessor-version":[{"id":1127377,"href":"https:\/\/dimensionturistica.com\/es\/wp-json\/wp\/v2\/posts\/1127375\/revisions\/1127377"}],"wp:featuredmedia":[{"embeddable":true,"href":"https:\/\/dimensionturistica.com\/es\/wp-json\/wp\/v2\/media\/1127376"}],"wp:attachment":[{"href":"https:\/\/dimensionturistica.com\/es\/wp-json\/wp\/v2\/media?parent=1127375"}],"wp:term":[{"taxonomy":"category","embeddable":true,"href":"https:\/\/dimensionturistica.com\/es\/wp-json\/wp\/v2\/categories?post=1127375"},{"taxonomy":"post_tag","embeddable":true,"href":"https:\/\/dimensionturistica.com\/es\/wp-json\/wp\/v2\/tags?post=1127375"}],"curies":[{"name":"wp","href":"https:\/\/api.w.org\/{rel}","templated":true}]}}