{"id":1127272,"date":"2026-03-19T22:11:50","date_gmt":"2026-03-19T22:11:50","guid":{"rendered":"https:\/\/dimensionturistica.com\/es\/?p=1127272"},"modified":"2026-03-19T22:11:50","modified_gmt":"2026-03-19T22:11:50","slug":"presentan-la-obra-exploraciones-en-america-y-el-conflicto-sudamericano-traduccion-de-un-texto-prusiano-noticia-reciente","status":"publish","type":"post","link":"https:\/\/dimensionturistica.com\/es\/presentan-la-obra-exploraciones-en-america-y-el-conflicto-sudamericano-traduccion-de-un-texto-prusiano-noticia-reciente\/","title":{"rendered":"Presentan la obra &#8220;Exploraciones en Am\u00e9rica y el Conflicto Sudamericano: Traducci\u00f3n de un Texto Prusiano&#8221; &#8211; Noticia Reciente"},"content":{"rendered":"<h3>Redescubriendo Am\u00e9rica: Un Viaje a Trav\u00e9s de la Historia y la Guerra<\/h3>\n<p>Imagina poder sumergirte en un periodo crucial de la historia latinoamericana, donde la trama de conflictos, descubrimientos y transformaciones se entrelazan de manera fascinante. La reciente publicaci\u00f3n de un libro que recoge una cuidadosa traducci\u00f3n de una obra prusiana permite a los lectores hacer precisamente eso: viajar a trav\u00e9s de Am\u00e9rica y explorar la complejidad de la guerra sudamericana.<\/p>\n<p>Este libro es m\u00e1s que una simple narraci\u00f3n; es una ventana a un pasado que, aunque distante, sigue resonando en la cultura y la identidad de los pa\u00edses latinos. Las p\u00e1ginas ofrecen un recorrido geogr\u00e1fico que se enriquece con el contexto social y pol\u00edtico de la \u00e9poca, destacando c\u00f3mo cada pa\u00eds, con sus particularidades, se vio afectado por los conflictos que marcaron el continente.<\/p>\n<p>Los relatos no solo detallan hechos hist\u00f3ricos, sino que tambi\u00e9n reflejan la vida cotidiana de las personas que habitaron estas tierras. Al leer, los viajeros literarios son transportados a un tiempo en el que las fronteras eran difusas y el intercambio cultural era la norma m\u00e1s que la excepci\u00f3n. Es una invitaci\u00f3n a entender c\u00f3mo la guerra no solo altera la geograf\u00eda, sino tambi\u00e9n las relaciones humanas, la econom\u00eda y el futuro de las naciones.<\/p>\n<p>Las descripciones v\u00edvidas de paisajes y pueblos embelesan al lector, envolvi\u00e9ndolo en la belleza natural de Am\u00e9rica del Sur. Desde las tierras altas andinas hasta las exuberantes selvas amaz\u00f3nicas, cada regi\u00f3n cuenta su propia historia. Esta obra permite apreciar no solo la majestuosidad del continente, sino tambi\u00e9n la resiliencia de sus pueblos.<\/p>\n<p>Adem\u00e1s, el an\u00e1lisis cr\u00edtico que acompa\u00f1a a los relatos ayuda a desentra\u00f1ar la \u00f3ptica desde la cual se narran los eventos. La obra refleja no solo la percepci\u00f3n extranjera de los conflictos, sino tambi\u00e9n las naciones en lucha por su identidad y autonom\u00eda. Este enfoque invita a la reflexi\u00f3n sobre los efectos duraderos de la guerra en el alma colectiva de los pueblos.<\/p>\n<p>El libro tambi\u00e9n resalta la importancia de la memoria hist\u00f3rica como un aspecto esencial del turismo cultural. Cada rinc\u00f3n de Am\u00e9rica tiene una historia \u00fanica y, al visitarlos, los viajeros no solo est\u00e1n explorando un paisaje nuevo, sino tambi\u00e9n descubriendo relatos que han dado forma a la identidad contempor\u00e1nea de la regi\u00f3n.<\/p>\n<p>As\u00ed, al emprender un viaje a trav\u00e9s de Am\u00e9rica, ya sea en el mundo literario o f\u00edsico, los exploradores de hoy tienen la oportunidad de conectar con el pasado y reflexionar sobre el presente. Cada destino puede convertirse en un escenario donde la historia cobra vida, donde los ecos de la guerra se mezclan con la esperanza de un futuro m\u00e1s armonioso.<\/p>\n<p>En conclusi\u00f3n, esta obra, aunque anclada en el pasado, se convierte en un poderoso recurso para quienes buscan entender y apreciar la rica diversidad cultural de Am\u00e9rica Latina. Al final del d\u00eda, el turismo no se trata solo de ver nuevos lugares, sino de entender las historias que cada uno de ellos cuenta. As\u00ed, el viaje se transforma en un camino hacia el conocimiento y la conexi\u00f3n, donde cada paso es un eco de aquellas luchas y victorias que han dado forma a nuestro mundo.<\/p>\n<p><em> &#8221; Fuentes www.ultimahora.com &#8221; <\/em><\/p>\n","protected":false},"excerpt":{"rendered":"<p>Redescubriendo Am\u00e9rica: Un Viaje a Trav\u00e9s de la Historia y la Guerra Imagina poder sumergirte en un periodo crucial de la historia latinoamericana, donde la trama de conflictos, descubrimientos y transformaciones se entrelazan de manera fascinante. La reciente publicaci\u00f3n de un libro que recoge una cuidadosa traducci\u00f3n de una obra prusiana permite a los lectores [&hellip;]<\/p>\n","protected":false},"author":4,"featured_media":1127273,"comment_status":"open","ping_status":"closed","sticky":false,"template":"","format":"standard","meta":{"om_disable_all_campaigns":false,"jnews-multi-image_gallery":[],"jnews_single_post":[],"jnews_primary_category":[],"jnews_social_meta":[],"footnotes":""},"categories":[39],"tags":[764,662,272045,6643,8681,2387,272046,26021,706,545],"class_list":["post-1127272","post","type-post","status-publish","format-standard","has-post-thumbnail","hentry","category-viajes","tag-america","tag-cultura","tag-guerra-sudamericana","tag-historia","tag-libro","tag-literatura","tag-obra-prusiana","tag-traduccion","tag-ultima-hora","tag-viajes"],"_links":{"self":[{"href":"https:\/\/dimensionturistica.com\/es\/wp-json\/wp\/v2\/posts\/1127272","targetHints":{"allow":["GET"]}}],"collection":[{"href":"https:\/\/dimensionturistica.com\/es\/wp-json\/wp\/v2\/posts"}],"about":[{"href":"https:\/\/dimensionturistica.com\/es\/wp-json\/wp\/v2\/types\/post"}],"author":[{"embeddable":true,"href":"https:\/\/dimensionturistica.com\/es\/wp-json\/wp\/v2\/users\/4"}],"replies":[{"embeddable":true,"href":"https:\/\/dimensionturistica.com\/es\/wp-json\/wp\/v2\/comments?post=1127272"}],"version-history":[{"count":1,"href":"https:\/\/dimensionturistica.com\/es\/wp-json\/wp\/v2\/posts\/1127272\/revisions"}],"predecessor-version":[{"id":1127274,"href":"https:\/\/dimensionturistica.com\/es\/wp-json\/wp\/v2\/posts\/1127272\/revisions\/1127274"}],"wp:featuredmedia":[{"embeddable":true,"href":"https:\/\/dimensionturistica.com\/es\/wp-json\/wp\/v2\/media\/1127273"}],"wp:attachment":[{"href":"https:\/\/dimensionturistica.com\/es\/wp-json\/wp\/v2\/media?parent=1127272"}],"wp:term":[{"taxonomy":"category","embeddable":true,"href":"https:\/\/dimensionturistica.com\/es\/wp-json\/wp\/v2\/categories?post=1127272"},{"taxonomy":"post_tag","embeddable":true,"href":"https:\/\/dimensionturistica.com\/es\/wp-json\/wp\/v2\/tags?post=1127272"}],"curies":[{"name":"wp","href":"https:\/\/api.w.org\/{rel}","templated":true}]}}