{"id":1127229,"date":"2026-03-19T20:44:52","date_gmt":"2026-03-19T20:44:52","guid":{"rendered":"https:\/\/dimensionturistica.com\/es\/?p=1127229"},"modified":"2026-03-19T20:44:52","modified_gmt":"2026-03-19T20:44:52","slug":"el-conjunto-ideal-de-jeans-sandalias-y-sueter-negro-para-primavera-2026","status":"publish","type":"post","link":"https:\/\/dimensionturistica.com\/es\/el-conjunto-ideal-de-jeans-sandalias-y-sueter-negro-para-primavera-2026\/","title":{"rendered":"El conjunto ideal de jeans, sandalias y su\u00e9ter negro para primavera 2026"},"content":{"rendered":"<h3>La ic\u00f3nica combinaci\u00f3n de jeans, su\u00e9ter y chanclas: un look que nunca pasa de moda<\/h3>\n<p>En el vasto universo de la moda, hay estilos que perduran y marcan tendencia a lo largo del tiempo. Uno de los m\u00e1s emblem\u00e1ticos es, sin duda, la combinaci\u00f3n de jeans, su\u00e9ter y chanclas, un conjunto que evoca la elegancia effortless y la sofisticaci\u00f3n casual. Este look, popularizado en gran parte por figuras como Carolyn Bessette Kennedy, sigue siendo relevante en la actualidad y es ideal para aquellos que buscan un equilibrio entre comodidad y estilo.<\/p>\n<h4>El arte de combinar<\/h4>\n<p>El primer paso para lograr este look es la elecci\u00f3n de los jeans. Opta por cortes cl\u00e1sicos, como los rectos o de tiro alto, que favorecen diversas siluetas. Los tonos oscuros aportan un aire de sofisticaci\u00f3n, mientras que los desgastados o en tonos claros ofrecen un toque m\u00e1s desenfadado. La clave est\u00e1 en la versatilidad; escoge aquellos que se adapten a tu estilo personal.<\/p>\n<p>Ahora, pasemos al su\u00e9ter: el coraz\u00f3n del outfit. Este puede ser ligero o m\u00e1s grueso, dependiendo del clima y de tu preferencia. Los su\u00e9teres de lana o cashmere en colores neutros son excelentes opciones, ya que a\u00f1aden un aire de elegancia y se pueden combinar f\u00e1cilmente con diferentes prendas. Una vez m\u00e1s, la textura juega un papel fundamental; las fibras naturales aportan un acabado m\u00e1s refinado.<\/p>\n<h4>Chanclas con estilo<\/h4>\n<p>Por \u00faltimo, pero no menos importante, est\u00e1n las chanclas. Alejadas de la imagen tradicional, este calzado ha evolucionado y se han presentado opciones que integran confort y dise\u00f1o contempor\u00e1neo. Busca aquellas que cuenten con detalles como tiras estilizadas o materiales de calidad que eleven la percepci\u00f3n del conjunto. No te limites a las chanclas de playa; las sandalias minimalistas pueden aportar un toque chic a tu look, perfecto para cualquier ocasi\u00f3n informal.<\/p>\n<h4>Accesorios: la guinda del pastel<\/h4>\n<p>Para completar este estilismo, los accesorios son esenciales. Considera a\u00f1adir un bolso estructurado o una mochila elegante que contraste con la informalidad del conjunto. Joyas sutiles, como pendientes discretos o un reloj delgado, pueden ser el toque justo que eleve tu apariencia sin abrumar el outfit.<\/p>\n<h4>Una mirada hacia el futuro<\/h4>\n<p>Este look atemporal no solo refleja una est\u00e9tica pulida, sino que tambi\u00e9n se adapta a diferentes contextos, desde un paseo casual en la ciudad hasta una reuni\u00f3n informal. La combinaci\u00f3n de jeans, su\u00e9ter y chanclas es una celebraci\u00f3n de la versatilidad y puede ser reinterpretada por cada individuo, haciendo que cada conjunto sea \u00fanico.<\/p>\n<p>A medida que el mundo de la moda contin\u00faa evolucionando, estas piezas clave ofrecen una base s\u00f3lida que sigue inspirando a nuevas generaciones. La pr\u00f3xima vez que busques un atuendo que combine comodidad con elegancia, recuerda esta f\u00f3rmula cl\u00e1sica que, a trav\u00e9s del tiempo, ha demostrado que menos es m\u00e1s y que lo simple puede ser extraordinario. <\/p>\n<p>\u00a1Insp\u00edrate en este look y hazlo tuyo!<\/p>\n<p><em> &#8221; Fuentes www.vogue.mx &#8221; <\/em><\/p>\n","protected":false},"excerpt":{"rendered":"<p>La ic\u00f3nica combinaci\u00f3n de jeans, su\u00e9ter y chanclas: un look que nunca pasa de moda En el vasto universo de la moda, hay estilos que perduran y marcan tendencia a lo largo del tiempo. Uno de los m\u00e1s emblem\u00e1ticos es, sin duda, la combinaci\u00f3n de jeans, su\u00e9ter y chanclas, un conjunto que evoca la elegancia [&hellip;]<\/p>\n","protected":false},"author":14,"featured_media":1127230,"comment_status":"open","ping_status":"closed","sticky":false,"template":"","format":"standard","meta":{"om_disable_all_campaigns":false,"jnews-multi-image_gallery":[],"jnews_single_post":[],"jnews_primary_category":[],"jnews_social_meta":[],"footnotes":""},"categories":[144872],"tags":[215273,72102,7758,16596,659,239477,230504,58181,209748,246777,2182],"class_list":["post-1127229","post","type-post","status-publish","format-standard","has-post-thumbnail","hentry","category-fashion","tag-carolyn-bessette-kennedy","tag-chanclas","tag-estilo","tag-jeans","tag-moda","tag-primavera-2026","tag-primavera-verano-2026","tag-sandalias","tag-sueter","tag-sueter-negro","tag-tendencias"],"_links":{"self":[{"href":"https:\/\/dimensionturistica.com\/es\/wp-json\/wp\/v2\/posts\/1127229","targetHints":{"allow":["GET"]}}],"collection":[{"href":"https:\/\/dimensionturistica.com\/es\/wp-json\/wp\/v2\/posts"}],"about":[{"href":"https:\/\/dimensionturistica.com\/es\/wp-json\/wp\/v2\/types\/post"}],"author":[{"embeddable":true,"href":"https:\/\/dimensionturistica.com\/es\/wp-json\/wp\/v2\/users\/14"}],"replies":[{"embeddable":true,"href":"https:\/\/dimensionturistica.com\/es\/wp-json\/wp\/v2\/comments?post=1127229"}],"version-history":[{"count":1,"href":"https:\/\/dimensionturistica.com\/es\/wp-json\/wp\/v2\/posts\/1127229\/revisions"}],"predecessor-version":[{"id":1127231,"href":"https:\/\/dimensionturistica.com\/es\/wp-json\/wp\/v2\/posts\/1127229\/revisions\/1127231"}],"wp:featuredmedia":[{"embeddable":true,"href":"https:\/\/dimensionturistica.com\/es\/wp-json\/wp\/v2\/media\/1127230"}],"wp:attachment":[{"href":"https:\/\/dimensionturistica.com\/es\/wp-json\/wp\/v2\/media?parent=1127229"}],"wp:term":[{"taxonomy":"category","embeddable":true,"href":"https:\/\/dimensionturistica.com\/es\/wp-json\/wp\/v2\/categories?post=1127229"},{"taxonomy":"post_tag","embeddable":true,"href":"https:\/\/dimensionturistica.com\/es\/wp-json\/wp\/v2\/tags?post=1127229"}],"curies":[{"name":"wp","href":"https:\/\/api.w.org\/{rel}","templated":true}]}}