{"id":1127218,"date":"2026-03-19T19:53:54","date_gmt":"2026-03-19T19:53:54","guid":{"rendered":"https:\/\/dimensionturistica.com\/es\/?p=1127218"},"modified":"2026-03-19T19:53:54","modified_gmt":"2026-03-19T19:53:54","slug":"como-combinar-tejidos-coloridos-para-la-primavera-2026-tendencias-de-estilo-urbano","status":"publish","type":"post","link":"https:\/\/dimensionturistica.com\/es\/como-combinar-tejidos-coloridos-para-la-primavera-2026-tendencias-de-estilo-urbano\/","title":{"rendered":"C\u00f3mo Combinar Tejidos Coloridos para la Primavera 2026: Tendencias de Estilo Urbano"},"content":{"rendered":"<h3>La Revoluci\u00f3n del Su\u00e9ter Colorido: \u00a1Este Oto\u00f1o No Te Quedes Atr\u00e1s!<\/h3>\n<p>A medida que las temperaturas comienzan a descender, el vestuario de oto\u00f1o se convierte en un lienzo perfecto para explorar la versatilidad del su\u00e9ter. Este a\u00f1o, los su\u00e9teres coloridos no solo se proponen como una opci\u00f3n de abrigo, sino como piezas clave que pueden elevar cualquier look. La nueva tendencia pone el foco en su capacidad para transformar un outfit com\u00fan en una declaraci\u00f3n de estilo vibrante y audaz.<\/p>\n<h4>Una Paleta de Colores Infinitos<\/h4>\n<p>La variedad de tonos y estilos disponibles es simplemente asombrosa. Desde los c\u00e1lidos naranjas y rojos hasta los suaves lilas y azules, el su\u00e9ter colorido ofrece un espectro casi infinito para adaptarse a cualquier gusto. Este oto\u00f1o, la tendencia es mezclar y combinar, jugando con diferentes texturas y tonos, creando un efecto visual sin igual. Los estilistas sugieren que, al incorporar colores inesperados, se puede dar un giro fresco a un look cl\u00e1sico.<\/p>\n<h4>Layering Inteligente: El Arte de Superponer<\/h4>\n<p>El su\u00e9ter no es solo una prenda para abrigarse; es una herramienta de estilo que permite jugar con las capas. Combinar un su\u00e9ter colorido con una blusa de diferente tonalidad, o incluso una chaqueta ligera, aporta profundidad y riqueza al conjunto. Por ejemplo, una blusa blanca b\u00e1sica debajo de un su\u00e9ter en un color vibrante puede ser la base perfecta para un atuendo que cautiva miradas. El layering se convierte as\u00ed en una forma de expresi\u00f3n personal, donde cada capa cuenta una historia distinta.<\/p>\n<h4>Su\u00e9teres como Protagonistas<\/h4>\n<p>El su\u00e9ter colorido no tiene por qu\u00e9 ser un simple complemento. En esta temporada, est\u00e1 destinado a ser la pieza central de los looks. Optar por un dise\u00f1o con detalles interesantes, como trenzados o estampados geom\u00e9tricos, puede a\u00f1adir un toque \u00fanico. Adem\u00e1s, no hay que temer a los su\u00e9teres oversize; combinados con pantalones ajustados o minifaldas, crean un balance perfecto que no solo es c\u00f3modo, sino tambi\u00e9n estiloso.<\/p>\n<h4>La Influencia de los Accesorios<\/h4>\n<p>El impacto de un su\u00e9ter colorido se ve amplificado por la elecci\u00f3n de accesorios. Un bolso que contraste o unos pendientes atrevidos pueden elevar el conjunto al siguiente nivel. Las botas de combate o los zapatos de tac\u00f3n tambi\u00e9n juegan un papel clave: un buen calzado puede transformar un atuendo del d\u00eda a la noche en un abrir y cerrar de ojos.<\/p>\n<h4>El Su\u00e9ter Colorido en Todas las Ocasiones<\/h4>\n<p>Desde las reuniones informales hasta las citas nocturnas, el su\u00e9ter colorido es vers\u00e1til. Su capacidad para ser adaptado a diferentes contextos lo convierte en un aliado indispensable en el armario. Vestir un su\u00e9ter vibrante para una tarde de caf\u00e9 puede hacer que el d\u00eda sea m\u00e1s alegre, mientras que al combinarlo con un pantal\u00f3n de traje para una reuni\u00f3n de trabajo, se logra un look profesional que resalta sin esfuerzo.<\/p>\n<h4>\u00bfC\u00f3mo Elegir el Su\u00e9ter Perfecto?<\/h4>\n<p>Seleccionar el su\u00e9ter ideal va m\u00e1s all\u00e1 de la simple est\u00e9tica. Es esencial considerar la textura, la ca\u00edda y la forma. Los materiales como la lana, el cashmere o el algod\u00f3n son los mejores aliados para asegurar comodidad y estilo. No escatimar en la calidad puede hacer toda la diferencia en la presentaci\u00f3n final del look.<\/p>\n<p>El su\u00e9ter colorido se establece como un s\u00edmbolo de innovaci\u00f3n en la moda este oto\u00f1o, invitando a todos a jugar con lo inesperado. Con estas claves, la transici\u00f3n hacia esta tendencia se convierte en una emocionante aventura de estilo que no querr\u00e1s dejar pasar. \u00a1Atr\u00e9vete a ser audaz y a hacer del su\u00e9ter tu declaraci\u00f3n de moda esta temporada!<\/p>\n<p><em> &#8221; Fuentes www.vogue.com &#8221; <\/em><\/p>\n","protected":false},"excerpt":{"rendered":"<p>La Revoluci\u00f3n del Su\u00e9ter Colorido: \u00a1Este Oto\u00f1o No Te Quedes Atr\u00e1s! A medida que las temperaturas comienzan a descender, el vestuario de oto\u00f1o se convierte en un lienzo perfecto para explorar la versatilidad del su\u00e9ter. Este a\u00f1o, los su\u00e9teres coloridos no solo se proponen como una opci\u00f3n de abrigo, sino como piezas clave que pueden [&hellip;]<\/p>\n","protected":false},"author":14,"featured_media":1127219,"comment_status":"open","ping_status":"closed","sticky":false,"template":"","format":"standard","meta":{"om_disable_all_campaigns":false,"jnews-multi-image_gallery":[],"jnews_single_post":[],"jnews_primary_category":[],"jnews_social_meta":[],"footnotes":""},"categories":[144872],"tags":[198537,198594,198536,198535,233245,272030,166,199484,229913,198499,198525,202,200358,205140,217122,46066,202127,198500,228054,373],"class_list":["post-1127218","post","type-post","status-publish","format-standard","has-post-thumbnail","hentry","category-fashion","tag-_commerce","tag-_sensitivecontent","tag-_seo","tag-_syndication_noshow","tag-2026-trends","tag-colorful-knits","tag-fashion","tag-fashion-inspiration","tag-knitwear","tag-onecolumn","tag-outfit-ideas","tag-shopping","tag-spring-fashion","tag-spring-wardrobe","tag-storytypecategory-guide-comparison","tag-street-style","tag-styling-tips","tag-textabovecenterfullbleed","tag-vibrant-colors","tag-web"],"_links":{"self":[{"href":"https:\/\/dimensionturistica.com\/es\/wp-json\/wp\/v2\/posts\/1127218","targetHints":{"allow":["GET"]}}],"collection":[{"href":"https:\/\/dimensionturistica.com\/es\/wp-json\/wp\/v2\/posts"}],"about":[{"href":"https:\/\/dimensionturistica.com\/es\/wp-json\/wp\/v2\/types\/post"}],"author":[{"embeddable":true,"href":"https:\/\/dimensionturistica.com\/es\/wp-json\/wp\/v2\/users\/14"}],"replies":[{"embeddable":true,"href":"https:\/\/dimensionturistica.com\/es\/wp-json\/wp\/v2\/comments?post=1127218"}],"version-history":[{"count":1,"href":"https:\/\/dimensionturistica.com\/es\/wp-json\/wp\/v2\/posts\/1127218\/revisions"}],"predecessor-version":[{"id":1127220,"href":"https:\/\/dimensionturistica.com\/es\/wp-json\/wp\/v2\/posts\/1127218\/revisions\/1127220"}],"wp:featuredmedia":[{"embeddable":true,"href":"https:\/\/dimensionturistica.com\/es\/wp-json\/wp\/v2\/media\/1127219"}],"wp:attachment":[{"href":"https:\/\/dimensionturistica.com\/es\/wp-json\/wp\/v2\/media?parent=1127218"}],"wp:term":[{"taxonomy":"category","embeddable":true,"href":"https:\/\/dimensionturistica.com\/es\/wp-json\/wp\/v2\/categories?post=1127218"},{"taxonomy":"post_tag","embeddable":true,"href":"https:\/\/dimensionturistica.com\/es\/wp-json\/wp\/v2\/tags?post=1127218"}],"curies":[{"name":"wp","href":"https:\/\/api.w.org\/{rel}","templated":true}]}}