{"id":1127050,"date":"2026-03-19T11:34:49","date_gmt":"2026-03-19T11:34:49","guid":{"rendered":"https:\/\/dimensionturistica.com\/es\/?p=1127050"},"modified":"2026-03-19T11:34:49","modified_gmt":"2026-03-19T11:34:49","slug":"la-modificacion-de-la-directiva-de-viajes-combinados-impone-cargas-indebidas-segun-el-analisis-del-organismo-competente","status":"publish","type":"post","link":"https:\/\/dimensionturistica.com\/es\/la-modificacion-de-la-directiva-de-viajes-combinados-impone-cargas-indebidas-segun-el-analisis-del-organismo-competente\/","title":{"rendered":"La modificaci\u00f3n de la directiva de viajes combinados impone &#8220;cargas indebidas&#8221; seg\u00fan el an\u00e1lisis del organismo competente."},"content":{"rendered":"<h3>Cambios en la normativa de viajes combinados: un nuevo desaf\u00edo para el turismo<\/h3>\n<p>El sector tur\u00edstico se encuentra en constante evoluci\u00f3n, y las normativas que rigen su funcionamiento juegan un papel crucial en su desarrollo. Recientemente, ha surgido un debate sobre la modificaci\u00f3n de la directiva que regula los viajes combinados en Europa. Esta propuesta, lejos de ser un mero cambio administrativo, representa un reto significativo para agencias de viajes y consumidores por igual.<\/p>\n<p>La directiva actual est\u00e1 orientada a proteger a los turistas, ofreciendo garant\u00edas frente a posibles inconvenientes en sus planes de viaje, como la cancelaci\u00f3n de un vuelo o problemas en la reserva de un alojamiento. Sin embargo, hay quienes argumentan que las exigencias que acompa\u00f1an a esta normativa podr\u00edan resultar excesivas para las empresas del sector, especialmente para las agencias de viajes m\u00e1s peque\u00f1as.<\/p>\n<h3>Un enfoque equilibrado<\/h3>\n<p>El Consejo Espa\u00f1ol de Agencias de Viajes (CEAV) ha expresado su preocupaci\u00f3n respecto a las nuevas cargas administrativas que se podr\u00edan introducir con la modificaci\u00f3n de esta directiva. Para el sector, es fundamental que cualquier cambio considere el equilibrio entre la protecci\u00f3n al consumidor y la viabilidad del negocio. Las peque\u00f1as agencias, por su naturaleza, pueden enfrentar mayores dificultades para cumplir con requisitos que, si bien buscan proteger al viajero, podr\u00edan resultar desbordantes en t\u00e9rminos de burocracia y costos operativos.<\/p>\n<h3>La voz del viajero<\/h3>\n<p>Desde la perspectiva del consumidor, la protecci\u00f3n es vital. La experiencia de viajar debe ser disfrutable y libre de contratiempos. Aqu\u00ed es donde surge el dilema: asegurar al viajero implica tambi\u00e9n involucrar a las agencias en una corriente de cargas que podr\u00eda limitar su capacidad para ofrecer precios competitivos. La preocupaci\u00f3n por la sostenibilidad de las peque\u00f1as agencias tambi\u00e9n se traduce en una experiencia menos variada para los turistas, quienes podr\u00edan perder la oportunidad de explorar ofertas \u00fanicas y personalizadas.<\/p>\n<h3>Innovaci\u00f3n y adaptaci\u00f3n<\/h3>\n<p>A medida que la industria tur\u00edstica se adapta a estos cambios, es probable que las empresas tengan que innovar. La digitalizaci\u00f3n y el uso de tecnolog\u00eda podr\u00edan ser la clave para optimizar procesos, haci\u00e9ndolos m\u00e1s eficientes y menos costosos. As\u00ed, las agencias de viajes podr\u00edan centrar sus esfuerzos en lo que realmente importa: ofrecer experiencias memorables y ajustadas a las necesidades de cada viajero.<\/p>\n<h3>Mirando hacia el futuro<\/h3>\n<p>A medida que la discusi\u00f3n sobre la nueva directiva evoluciona, es crucial que todos los actores involucrados, desde las agencias hasta los consumidores, participen en el di\u00e1logo. La colaboraci\u00f3n puede llevar a la creaci\u00f3n de un marco regulatorio que no solo resguarde al viajero, sino que tambi\u00e9n permita la supervivencia y el crecimiento de las peque\u00f1as agencias que enriquecen el panorama tur\u00edstico.<\/p>\n<p>En conclusi\u00f3n, la modificaci\u00f3n de la directiva de viajes combinados ofrece tanto desaf\u00edos como oportunidades. Es momento de reflexionar sobre c\u00f3mo construir un futuro en el que la protecci\u00f3n del viajero y la viabilidad de las empresas puedan coexistir, asegurando que el turismo siga siendo una de las grandes motores de la econom\u00eda global. El viaje apenas comienza y todos, desde agencias hasta turistas, tienen un papel esencial en el camino hacia una industria m\u00e1s equilibrada y sostenible.<\/p>\n<p><em> &#8221; Sources www.pressdigital.es &#8221; <\/em><\/p>\n","protected":false},"excerpt":{"rendered":"<p>Cambios en la normativa de viajes combinados: un nuevo desaf\u00edo para el turismo El sector tur\u00edstico se encuentra en constante evoluci\u00f3n, y las normativas que rigen su funcionamiento juegan un papel crucial en su desarrollo. Recientemente, ha surgido un debate sobre la modificaci\u00f3n de la directiva que regula los viajes combinados en Europa. Esta propuesta, [&hellip;]<\/p>\n","protected":false},"author":4,"featured_media":1127051,"comment_status":"open","ping_status":"closed","sticky":false,"template":"","format":"standard","meta":{"om_disable_all_campaigns":false,"jnews-multi-image_gallery":[],"jnews_single_post":[],"jnews_primary_category":[],"jnews_social_meta":[],"footnotes":""},"categories":[40],"tags":[1181,271971,1230,1633,1897,49517,18261,41082,4020,544],"class_list":["post-1127050","post","type-post","status-publish","format-standard","has-post-thumbnail","hentry","category-industria","tag-agencia-de-viajes","tag-cargas-excesivas","tag-ceav","tag-critica","tag-directiva-de-viajes-combinados","tag-legislacion","tag-modificaciones","tag-regulacion","tag-sector-turistico","tag-turismo"],"_links":{"self":[{"href":"https:\/\/dimensionturistica.com\/es\/wp-json\/wp\/v2\/posts\/1127050","targetHints":{"allow":["GET"]}}],"collection":[{"href":"https:\/\/dimensionturistica.com\/es\/wp-json\/wp\/v2\/posts"}],"about":[{"href":"https:\/\/dimensionturistica.com\/es\/wp-json\/wp\/v2\/types\/post"}],"author":[{"embeddable":true,"href":"https:\/\/dimensionturistica.com\/es\/wp-json\/wp\/v2\/users\/4"}],"replies":[{"embeddable":true,"href":"https:\/\/dimensionturistica.com\/es\/wp-json\/wp\/v2\/comments?post=1127050"}],"version-history":[{"count":1,"href":"https:\/\/dimensionturistica.com\/es\/wp-json\/wp\/v2\/posts\/1127050\/revisions"}],"predecessor-version":[{"id":1127052,"href":"https:\/\/dimensionturistica.com\/es\/wp-json\/wp\/v2\/posts\/1127050\/revisions\/1127052"}],"wp:featuredmedia":[{"embeddable":true,"href":"https:\/\/dimensionturistica.com\/es\/wp-json\/wp\/v2\/media\/1127051"}],"wp:attachment":[{"href":"https:\/\/dimensionturistica.com\/es\/wp-json\/wp\/v2\/media?parent=1127050"}],"wp:term":[{"taxonomy":"category","embeddable":true,"href":"https:\/\/dimensionturistica.com\/es\/wp-json\/wp\/v2\/categories?post=1127050"},{"taxonomy":"post_tag","embeddable":true,"href":"https:\/\/dimensionturistica.com\/es\/wp-json\/wp\/v2\/tags?post=1127050"}],"curies":[{"name":"wp","href":"https:\/\/api.w.org\/{rel}","templated":true}]}}