{"id":1127047,"date":"2026-03-19T11:21:42","date_gmt":"2026-03-19T11:21:42","guid":{"rendered":"https:\/\/dimensionturistica.com\/es\/?p=1127047"},"modified":"2026-03-19T11:21:42","modified_gmt":"2026-03-19T11:21:42","slug":"que-pasaria-si-las-fibras-naturales-no-se-descomponen","status":"publish","type":"post","link":"https:\/\/dimensionturistica.com\/es\/que-pasaria-si-las-fibras-naturales-no-se-descomponen\/","title":{"rendered":"\u00bfQu\u00e9 Pasar\u00eda Si las Fibras Naturales No Se Descomponen?"},"content":{"rendered":"<h3>La Moda del Futuro: Reflexiones sobre la Sostenibilidad de las Fibras Naturales<\/h3>\n<p>En la b\u00fasqueda constante por un mundo m\u00e1s sostenible, la industria de la moda ha puesto el ojo en las fibras naturales como una soluci\u00f3n ecol\u00f3gica. The textiles derivados de fuentes como el algod\u00f3n, el lino o la lana nos ofrecen la promesa de un menor impacto ambiental. Sin embargo, surge una cuesti\u00f3n crucial: \u00bfrealmente son estas opciones biodegradables y, en caso de no serlo, cu\u00e1les son las implicaciones para el medio ambiente?<\/p>\n<h4>Un Paradigma en Cambio<\/h4>\n<p>Tradicionalmente, las fibras naturales han sido valoradas no solo por su est\u00e9tica, sino tambi\u00e9n por su capacidad de descomposici\u00f3n. La creencia generalizada es que al final de su ciclo de vida, estos materiales regresan a la tierra sin dejar huella. No obstante, estudios recientes indican que la biodegradabilidad de estas fibras puede no ser tan eficiente como se pensaba. Factores como el tratamiento qu\u00edmico que muchas veces sufren estos materiales pueden obstaculizar su descomposici\u00f3n.<\/p>\n<h4>El Ciclo Sostenible y sus Desaf\u00edos<\/h4>\n<p>La moda sostenible va m\u00e1s all\u00e1 de elegir el material correcto; implica un ciclo completo que abarca la producci\u00f3n, el consumo y el desecho. Las empresas de moda est\u00e1n comenzando a reconocer que incluso los textiles naturales requieren una diferente extracci\u00f3n y manejo que no afectan negativamente el ecosistema. \u00bfPodr\u00edan los m\u00e9todos de producci\u00f3n intensivos en recursos hacer que incluso las mejores intenciones se vean empa\u00f1adas por pr\u00e1cticas poco sostenibles?<\/p>\n<h4>Innovaci\u00f3n como Soluci\u00f3n<\/h4>\n<p>El desarrollo de nuevos procesos t\u00e9cnicos se presenta como una alternativa prometedora. Innovaciones en el tratamiento de fibras naturales que faciliten su biodegradaci\u00f3n podr\u00edan marcar la diferencia. Adem\u00e1s, el impulso hacia el reciclaje y la reutilizaci\u00f3n en la moda permite explorar opciones creativas que reducen la demanda de nuevas materias primas.<\/p>\n<h4>Un Movimiento Colaborativo<\/h4>\n<p>Los dise\u00f1adores, marcas y consumidores tienen un papel esencial en este cambio de paradigma. A medida que el p\u00fablico toma conciencia, se genera una demanda por productos m\u00e1s \u00e9ticos y responsables. Esta presi\u00f3n puede motivar a las marcas a reevaluar no solo sus ingredientes, sino la totalidad de sus cadenas de suministro.<\/p>\n<h4>La Importancia del Conocimiento<\/h4>\n<p>Informarse sobre los materiales que se utilizan en las prendas es fundamental. Con el creciente inter\u00e9s en la moda \u00e9tica, los consumidores est\u00e1n mejor equipados para tomar decisiones informadas sobre sus compras. La educaci\u00f3n sobre el impacto ambiental de las elecciones textiles puede, a su vez, propiciar un ciclo de consumo m\u00e1s consciente.<\/p>\n<h4>Un Llamado a la Acci\u00f3n<\/h4>\n<p>El futuro de la moda sostenible depende de un compromiso colectivo. La transici\u00f3n hacia un modelo en el que tanto las fibras naturales como los procesos de producci\u00f3n sean realmente sustentables es un reto. Esto solo se lograr\u00e1 con iniciativas que involucren a todas las partes, desde las marcas hasta los consumidores.<\/p>\n<h4>Conclusi\u00f3n<\/h4>\n<p>A medida que la industria de la moda navega por este complejo panorama, es esencial revisar los mitos y realidades sobre las fibras naturales. A trav\u00e9s de la innovaci\u00f3n, la colaboraci\u00f3n y la educaci\u00f3n, es posible construir un futuro donde la moda no solo cumpla con la est\u00e9tica, sino que tambi\u00e9n respete y proteja nuestro entorno. La llamada a la acci\u00f3n est\u00e1 sobre la mesa; es momento de que todos participemos en la revoluci\u00f3n sostenible de la moda. \u00a1\u00c1nimo a seguir la conversaci\u00f3n y a ser parte del cambio!<\/p>\n<p><em> &#8221; Fuentes www.vogue.com &#8221; <\/em><\/p>\n","protected":false},"excerpt":{"rendered":"<p>La Moda del Futuro: Reflexiones sobre la Sostenibilidad de las Fibras Naturales En la b\u00fasqueda constante por un mundo m\u00e1s sostenible, la industria de la moda ha puesto el ojo en las fibras naturales como una soluci\u00f3n ecol\u00f3gica. The textiles derivados de fuentes como el algod\u00f3n, el lino o la lana nos ofrecen la promesa [&hellip;]<\/p>\n","protected":false},"author":14,"featured_media":1127048,"comment_status":"open","ping_status":"closed","sticky":false,"template":"","format":"standard","meta":{"om_disable_all_campaigns":false,"jnews-multi-image_gallery":[],"jnews_single_post":[],"jnews_primary_category":[],"jnews_social_meta":[],"footnotes":""},"categories":[144872],"tags":[271973,45440,71877,271974,69354,271972,247,271975,70299,256229,84369],"class_list":["post-1127047","post","type-post","status-publish","format-standard","has-post-thumbnail","hentry","category-fashion","tag-biodegradation","tag-eco-friendly","tag-environmental-impact","tag-fiber-science","tag-latest","tag-natural-fibers","tag-pollution","tag-renewable-materials","tag-sustainability","tag-textile-industry","tag-waste-management"],"_links":{"self":[{"href":"https:\/\/dimensionturistica.com\/es\/wp-json\/wp\/v2\/posts\/1127047","targetHints":{"allow":["GET"]}}],"collection":[{"href":"https:\/\/dimensionturistica.com\/es\/wp-json\/wp\/v2\/posts"}],"about":[{"href":"https:\/\/dimensionturistica.com\/es\/wp-json\/wp\/v2\/types\/post"}],"author":[{"embeddable":true,"href":"https:\/\/dimensionturistica.com\/es\/wp-json\/wp\/v2\/users\/14"}],"replies":[{"embeddable":true,"href":"https:\/\/dimensionturistica.com\/es\/wp-json\/wp\/v2\/comments?post=1127047"}],"version-history":[{"count":1,"href":"https:\/\/dimensionturistica.com\/es\/wp-json\/wp\/v2\/posts\/1127047\/revisions"}],"predecessor-version":[{"id":1127049,"href":"https:\/\/dimensionturistica.com\/es\/wp-json\/wp\/v2\/posts\/1127047\/revisions\/1127049"}],"wp:featuredmedia":[{"embeddable":true,"href":"https:\/\/dimensionturistica.com\/es\/wp-json\/wp\/v2\/media\/1127048"}],"wp:attachment":[{"href":"https:\/\/dimensionturistica.com\/es\/wp-json\/wp\/v2\/media?parent=1127047"}],"wp:term":[{"taxonomy":"category","embeddable":true,"href":"https:\/\/dimensionturistica.com\/es\/wp-json\/wp\/v2\/categories?post=1127047"},{"taxonomy":"post_tag","embeddable":true,"href":"https:\/\/dimensionturistica.com\/es\/wp-json\/wp\/v2\/tags?post=1127047"}],"curies":[{"name":"wp","href":"https:\/\/api.w.org\/{rel}","templated":true}]}}