{"id":1127003,"date":"2026-03-19T09:04:50","date_gmt":"2026-03-19T09:04:50","guid":{"rendered":"https:\/\/dimensionturistica.com\/es\/?p=1127003"},"modified":"2026-03-19T09:04:50","modified_gmt":"2026-03-19T09:04:50","slug":"pase-dos-meses-viajando-en-backpack-y-tuvo-un-profundo-impacto","status":"publish","type":"post","link":"https:\/\/dimensionturistica.com\/es\/pase-dos-meses-viajando-en-backpack-y-tuvo-un-profundo-impacto\/","title":{"rendered":"Pas\u00e9 dos meses viajando en backpack y tuvo un profundo impacto"},"content":{"rendered":"<p><strong>Descubriendo el Mundo a Trav\u00e9s de la Mochila: Un Viaje Transformador<\/strong><\/p>\n<p>Viajar es mucho m\u00e1s que simplemente desplazarse de un lugar a otro; es una experiencia que puede cambiar nuestra forma de ver el mundo. Para aquellos aventureros que se lanzan a la carretera con una mochila al hombro, cada destino se convierte en un cap\u00edtulo de su historia personal. Este es el relato de una viajera cuya aventura de dos meses como mochilera dej\u00f3 una huella imborrable en su vida.<\/p>\n<p>Imagina un pa\u00eds donde la naturaleza se entrelaza con la cultura vibrante de su gente, donde cada rinc\u00f3n ofrece una nueva perspectiva. As\u00ed fue como esta actriz decidi\u00f3 emprender su traves\u00eda, explorando paisajes que van desde monta\u00f1as majestuosas hasta playas tranquilas, cada uno cargado de significado y experiencias que la conectar\u00edan profundamente con la esencia del lugar.<\/p>\n<p>La mochila, s\u00edmbolo de la libertad, se convierte en compa\u00f1era inseparable en este viaje. Cada lugar visitado no solo es un punto en el mapa, sino un espacio donde se genera una conexi\u00f3n significativa con quienes se encuentran en el camino. La interacci\u00f3n con locales, el intercambio de sonrisas y relatos de vida transforman un simple viaje en una inmersi\u00f3n cultural. Aprender a saludar en el idioma local, degustar comidas aut\u00f3ctonas y participar en celebraciones tradicionales son actos que enriquecen el alma y construyen recuerdos que permanecer\u00e1n para siempre.<\/p>\n<p>Cada d\u00eda se revela como una nueva aventura. Desde caminar por senderos poco transitados que llevan a miradores con vistas espectaculares, hasta perderse en mercados bulliciosos llenos de colores y aromas. En estas experiencias, los retos tambi\u00e9n juegan un papel crucial. Desde dormir en hostales compartidos hasta adaptarse a condiciones clim\u00e1ticas cambiantes, cada dificultad enfrentada se convierte en una lecci\u00f3n invaluable, ense\u00f1ando la importancia de la resiliencia y la apertura ante lo desconocido.<\/p>\n<p>Este viaje no solo fue un recorrido por diferentes geograf\u00edas; fue, sobre todo, un viaje interior. La actriz reflexiona sobre la transformaci\u00f3n que experiment\u00f3. En la soledad de estar lejos de la rutina cotidiana, se dio el tiempo para pensar, para escuchar su voz interior y, a trav\u00e9s de esa introspecci\u00f3n, para redescubrir su pasi\u00f3n por la actuaci\u00f3n y la creatividad.<\/p>\n<p>Al regresar, se sacude del polvo del camino, pero lleva consigo una riqueza indescriptible: la certeza de que viajar despierta la curiosidad y la libertad de ser uno mismo. Las historias vividas y los v\u00ednculos formados se convierten en la verdadera esencia de cualquier aventura. Al final, cada recorrido en el que decidimos perdernos se convierte en un viaje hacia el encuentro con nosotros mismos.<\/p>\n<p>As\u00ed, con la mochila lista y el coraz\u00f3n abierto, cualquier viajero est\u00e1 preparado para emprender su propia odisea. Porque el mundo, con sus matices y sorpresas, siempre est\u00e1 esperando a ser descubierto.<\/p>\n<p><em> &#8221; Fuentes viajes.nationalgeographic.com.es &#8221; <\/em><\/p>\n","protected":false},"excerpt":{"rendered":"<p>Descubriendo el Mundo a Trav\u00e9s de la Mochila: Un Viaje Transformador Viajar es mucho m\u00e1s que simplemente desplazarse de un lugar a otro; es una experiencia que puede cambiar nuestra forma de ver el mundo. Para aquellos aventureros que se lanzan a la carretera con una mochila al hombro, cada destino se convierte en un [&hellip;]<\/p>\n","protected":false},"author":4,"featured_media":1127004,"comment_status":"open","ping_status":"closed","sticky":false,"template":"","format":"standard","meta":{"om_disable_all_campaigns":false,"jnews-multi-image_gallery":[],"jnews_single_post":[],"jnews_primary_category":[],"jnews_social_meta":[],"footnotes":""},"categories":[39],"tags":[168853,13687,710,662,3959,56308,5683,6643,271962,5686,2189,31385,681,271963,545],"class_list":["post-1127003","post","type-post","status-publish","format-standard","has-post-thumbnail","hentry","category-viajes","tag-autodescubrimiento","tag-aventura","tag-ciencia","tag-cultura","tag-experiencias","tag-exploracion","tag-geographic","tag-historia","tag-mochilera","tag-national","tag-naturaleza","tag-significado","tag-viaje","tag-viaje-de-mochilero","tag-viajes"],"_links":{"self":[{"href":"https:\/\/dimensionturistica.com\/es\/wp-json\/wp\/v2\/posts\/1127003","targetHints":{"allow":["GET"]}}],"collection":[{"href":"https:\/\/dimensionturistica.com\/es\/wp-json\/wp\/v2\/posts"}],"about":[{"href":"https:\/\/dimensionturistica.com\/es\/wp-json\/wp\/v2\/types\/post"}],"author":[{"embeddable":true,"href":"https:\/\/dimensionturistica.com\/es\/wp-json\/wp\/v2\/users\/4"}],"replies":[{"embeddable":true,"href":"https:\/\/dimensionturistica.com\/es\/wp-json\/wp\/v2\/comments?post=1127003"}],"version-history":[{"count":1,"href":"https:\/\/dimensionturistica.com\/es\/wp-json\/wp\/v2\/posts\/1127003\/revisions"}],"predecessor-version":[{"id":1127005,"href":"https:\/\/dimensionturistica.com\/es\/wp-json\/wp\/v2\/posts\/1127003\/revisions\/1127005"}],"wp:featuredmedia":[{"embeddable":true,"href":"https:\/\/dimensionturistica.com\/es\/wp-json\/wp\/v2\/media\/1127004"}],"wp:attachment":[{"href":"https:\/\/dimensionturistica.com\/es\/wp-json\/wp\/v2\/media?parent=1127003"}],"wp:term":[{"taxonomy":"category","embeddable":true,"href":"https:\/\/dimensionturistica.com\/es\/wp-json\/wp\/v2\/categories?post=1127003"},{"taxonomy":"post_tag","embeddable":true,"href":"https:\/\/dimensionturistica.com\/es\/wp-json\/wp\/v2\/tags?post=1127003"}],"curies":[{"name":"wp","href":"https:\/\/api.w.org\/{rel}","templated":true}]}}