{"id":1126953,"date":"2026-03-19T05:46:57","date_gmt":"2026-03-19T05:46:57","guid":{"rendered":"https:\/\/dimensionturistica.com\/es\/?p=1126953"},"modified":"2026-03-19T05:46:57","modified_gmt":"2026-03-19T05:46:57","slug":"la-gala-anual-reconoce-la-excelencia-en-el-sector-turistico-global","status":"publish","type":"post","link":"https:\/\/dimensionturistica.com\/es\/la-gala-anual-reconoce-la-excelencia-en-el-sector-turistico-global\/","title":{"rendered":"La gala anual reconoce la excelencia en el sector tur\u00edstico global."},"content":{"rendered":"<h3>Celebrando la Excelencia Tur\u00edstica en FITUR: Un Encuentro de Innovaci\u00f3n y Reconocimiento<\/h3>\n<p>Cada a\u00f1o, la Feria Internacional de Turismo (FITUR) se convierte en el epicentro de encuentro para profesionales del sector tur\u00edstico, donde se celebran iniciativas innovadoras y se reconoce la excelencia en este \u00e1mbito vital. Este evento no solo destaca las \u00faltimas tendencias en viajes y turismo, sino que tambi\u00e9n rinde homenaje a los actores m\u00e1s influyentes que est\u00e1n moldeando el futuro de esta industria. <\/p>\n<p>En una gala llena de brillo y expectativas, FITUR premi\u00f3 a aquellos que han demostrado un compromiso excepcional con la calidad y la sostenibilidad. Los galardones abarcaron diversas categor\u00edas, desde destinos emergentes hasta la promoci\u00f3n de iniciativas que fomentan un turismo responsable. Este reconocimiento es crucial en un momento en que la industria se esfuerza por recuperarse y transformarse tras los impactos de la pandemia.<\/p>\n<p>La celebraci\u00f3n de los Premios FITUR se realiz\u00f3 en un ambiente festivo, donde los asistentes tuvieron la oportunidad de conectar con l\u00edderes de pensamiento y visionarios del sector. La ceremonia no solo se centr\u00f3 en entregar premios, sino que tambi\u00e9n sirvi\u00f3 como plataforma para compartir historias inspiradoras de innovaci\u00f3n en Turismo. Proyectos que integran tecnolog\u00eda, sostenibilidad y responsabilidad social fueron los protagonistas, demostrando que el futuro del turismo est\u00e1 en manos de quienes se atreven a so\u00f1ar y a implementar propuestas valientes.<\/p>\n<p>Un aspecto relevante de la gala fue el enfoque en la sostenibilidad y el turismo responsable. En un mundo donde los viajeros son cada vez m\u00e1s conscientes del impacto de sus decisiones, FITUR ha acogido con entusiasmo a aquellos que lideran el camino hacia un turismo m\u00e1s \u00e9tico. Desde iniciativas de conservaci\u00f3n del medio ambiente hasta programas que promueven la inclusi\u00f3n y la diversidad, la feria celebr\u00f3 pr\u00e1cticas que buscan no solo atraer visitantes, sino tambi\u00e9n mejorar las comunidades que acogen a los turistas.<\/p>\n<p>La diversidad de los galardonados demuestra que la excelencia en turismo no es un concepto monol\u00edtico. Desde destinos ic\u00f3nicos que contin\u00faan ofreciendo experiencias \u00fanicas, hasta innovadoras startups que est\u00e1n redefiniendo la manera de explorar el mundo, la industria est\u00e1 repleta de ejemplos inspiradores. Estos premios act\u00faan como faros que gu\u00edan a otros en la b\u00fasqueda de la mejora continua y la inversi\u00f3n en experiencias aut\u00e9nticas.<\/p>\n<p>Con la mirada puesta en el futuro, la importancia de eventos como FITUR se vuelve cada vez m\u00e1s evidente. La feria no solo es un punto de encuentro para el presente, sino que tambi\u00e9n es un espacio donde se forjan colaboraciones y se generan ideas que cambiar\u00e1n la faz del tourism. A trav\u00e9s de la uni\u00f3n de empresas, gobiernos y organizaciones dedicadas a fortalecer el sector, se pueden enfrentar los retos globales que amenazan el equilibrio entre el desarrollo del turismo y la preservaci\u00f3n de nuestro planeta.<\/p>\n<p>En conclusi\u00f3n, la gala de premios de FITUR simboliza no solo un reconocimiento a los logros alcanzados, sino tambi\u00e9n un compromiso compartido hacia un futuro m\u00e1s brillante para la industria tur\u00edstica. Con un enfoque en la innovaci\u00f3n y la sostenibilidad, FITUR sigue siendo un pilar fundamental para aquellos que desean abrir nuevos caminos y hacer del turismo una experiencia enriquecedora para todos. Un profundo sentido de celebraci\u00f3n y responsabilidad perme\u00f3 en cada rinc\u00f3n de este evento, record\u00e1ndonos que la excelencia no es un destino, sino un viaje continuo.<\/p>\n<p><em> &#8221; Sources gacetadelturismo.com &#8221; <\/em><\/p>\n","protected":false},"excerpt":{"rendered":"<p>Celebrando la Excelencia Tur\u00edstica en FITUR: Un Encuentro de Innovaci\u00f3n y Reconocimiento Cada a\u00f1o, la Feria Internacional de Turismo (FITUR) se convierte en el epicentro de encuentro para profesionales del sector tur\u00edstico, donde se celebran iniciativas innovadoras y se reconoce la excelencia en este \u00e1mbito vital. Este evento no solo destaca las \u00faltimas tendencias en [&hellip;]<\/p>\n","protected":false},"author":4,"featured_media":1126954,"comment_status":"open","ping_status":"closed","sticky":false,"template":"","format":"standard","meta":{"om_disable_all_campaigns":false,"jnews-multi-image_gallery":[],"jnews_single_post":[],"jnews_primary_category":[],"jnews_social_meta":[],"footnotes":""},"categories":[40],"tags":[10387,724,9360,4593,251394,1296,966,544],"class_list":["post-1126953","post","type-post","status-publish","format-standard","has-post-thumbnail","hentry","category-industria","tag-celebraciones","tag-eventos","tag-excelencia","tag-fitur","tag-gala-anual","tag-industria-turistica","tag-premios","tag-turismo"],"_links":{"self":[{"href":"https:\/\/dimensionturistica.com\/es\/wp-json\/wp\/v2\/posts\/1126953","targetHints":{"allow":["GET"]}}],"collection":[{"href":"https:\/\/dimensionturistica.com\/es\/wp-json\/wp\/v2\/posts"}],"about":[{"href":"https:\/\/dimensionturistica.com\/es\/wp-json\/wp\/v2\/types\/post"}],"author":[{"embeddable":true,"href":"https:\/\/dimensionturistica.com\/es\/wp-json\/wp\/v2\/users\/4"}],"replies":[{"embeddable":true,"href":"https:\/\/dimensionturistica.com\/es\/wp-json\/wp\/v2\/comments?post=1126953"}],"version-history":[{"count":1,"href":"https:\/\/dimensionturistica.com\/es\/wp-json\/wp\/v2\/posts\/1126953\/revisions"}],"predecessor-version":[{"id":1126955,"href":"https:\/\/dimensionturistica.com\/es\/wp-json\/wp\/v2\/posts\/1126953\/revisions\/1126955"}],"wp:featuredmedia":[{"embeddable":true,"href":"https:\/\/dimensionturistica.com\/es\/wp-json\/wp\/v2\/media\/1126954"}],"wp:attachment":[{"href":"https:\/\/dimensionturistica.com\/es\/wp-json\/wp\/v2\/media?parent=1126953"}],"wp:term":[{"taxonomy":"category","embeddable":true,"href":"https:\/\/dimensionturistica.com\/es\/wp-json\/wp\/v2\/categories?post=1126953"},{"taxonomy":"post_tag","embeddable":true,"href":"https:\/\/dimensionturistica.com\/es\/wp-json\/wp\/v2\/tags?post=1126953"}],"curies":[{"name":"wp","href":"https:\/\/api.w.org\/{rel}","templated":true}]}}