{"id":112676,"date":"2021-04-13T19:42:13","date_gmt":"2021-04-13T19:42:13","guid":{"rendered":"https:\/\/dimensionturistica.com\/es\/?p=112676"},"modified":"2021-04-13T19:42:13","modified_gmt":"2021-04-13T19:42:13","slug":"dominicanos-podran-viajar-sin-visa-a-brasil","status":"publish","type":"post","link":"https:\/\/dimensionturistica.com\/es\/dominicanos-podran-viajar-sin-visa-a-brasil\/","title":{"rendered":"Dominicanos podr\u00e1n viajar sin visa a Brasil"},"content":{"rendered":"<p> <br \/>\n<\/p>\n<div>\n<div class=\"paragraph\" mlnid=\"idcon=16166681;order=7.0\">\n<p>La embajadora dominicana en Brasil, Patricia Villegas, inform\u00f3 que el pasado ocho de abril, el Senado brasile\u00f1o aprob\u00f3 el acuerdo de eliminaci\u00f3n de visados entre ambos pa\u00edses, el cual previamente ya hab\u00eda sido validado por el Congreso Nacional de la Rep\u00fablica Dominicana y tambi\u00e9n por los legisladores brasile\u00f1os en la C\u00e1mara de Diputados.<\/p>\n<p>De igual manera, la embajadora Villegas explic\u00f3 que en la fecha indicada, fue aprobado tambi\u00e9n un acuerdo de servicios a\u00e9reos y en febrero del presente a\u00f1o, un acuerdo en el \u00e1rea de defensa.<\/p>\n<p>El convenio sobre Eliminaci\u00f3n de Visados para Fines Tur\u00edsticos y de Negocios fue firmado en 2018 y tiene el objetivo de garantizar el principio de la reciprocidad, as\u00ed como facilitar los viajes de los nacionales de ambos pa\u00edses.<\/p>\n<\/p><\/div>\n<div class=\"paragraph\" mlnid=\"idcon=16166803;order=9.0\">\n<p>Sobre el servicio a\u00e9reo \u00e9ste tambi\u00e9n fue firmado en 2018 y tiene como objetivo facilitar la conectividad y la operaci\u00f3n entre los territorios de Brasil y Rep\u00fablica Dominicana.<\/p>\n<p>El acuerdo en el \u00e1rea de defensa prev\u00e9 la cooperaci\u00f3n e intercambio de informaciones y conocimientos en el \u00e1rea militar.<\/p>\n<p>El 14 de mayo de 2018, el entonces ministro de Relaciones Exteriores de Rep\u00fablica Dominicana, Miguel Vargas, y su entonces hom\u00f3logo de Brasil, Marcos Bezerra, acordaron suprimir las visas de turismo y negocios entre ambas naciones.<\/p>\n<p>Una vez sean promulgados por el Poder Ejecutivo brasile\u00f1o, dichos acuerdos podr\u00e1n entrar en plena vigencia para la Rep\u00fablica Dominicana.<\/p>\n<\/p><\/div><\/div>\n\n<p><em> &#8221; Fuentes www.diariolibre.com &#8221; <\/em><\/p>\n","protected":false},"excerpt":{"rendered":"<p>La embajadora dominicana en Brasil, Patricia Villegas, inform\u00f3 que el pasado ocho de abril, el Senado brasile\u00f1o aprob\u00f3 el acuerdo de eliminaci\u00f3n de visados entre ambos pa\u00edses, el cual previamente ya hab\u00eda sido validado por el Congreso Nacional de la Rep\u00fablica Dominicana y tambi\u00e9n por los legisladores brasile\u00f1os en la C\u00e1mara de Diputados. De igual [&hellip;]<\/p>\n","protected":false},"author":4,"featured_media":112677,"comment_status":"open","ping_status":"closed","sticky":false,"template":"","format":"standard","meta":{"om_disable_all_campaigns":false,"jnews-multi-image_gallery":[],"jnews_single_post":[],"jnews_primary_category":[],"jnews_social_meta":[],"footnotes":""},"categories":[39],"tags":[1429],"class_list":["post-112676","post","type-post","status-publish","format-standard","has-post-thumbnail","hentry","category-viajes","tag-santo-domingo"],"_links":{"self":[{"href":"https:\/\/dimensionturistica.com\/es\/wp-json\/wp\/v2\/posts\/112676","targetHints":{"allow":["GET"]}}],"collection":[{"href":"https:\/\/dimensionturistica.com\/es\/wp-json\/wp\/v2\/posts"}],"about":[{"href":"https:\/\/dimensionturistica.com\/es\/wp-json\/wp\/v2\/types\/post"}],"author":[{"embeddable":true,"href":"https:\/\/dimensionturistica.com\/es\/wp-json\/wp\/v2\/users\/4"}],"replies":[{"embeddable":true,"href":"https:\/\/dimensionturistica.com\/es\/wp-json\/wp\/v2\/comments?post=112676"}],"version-history":[{"count":0,"href":"https:\/\/dimensionturistica.com\/es\/wp-json\/wp\/v2\/posts\/112676\/revisions"}],"wp:featuredmedia":[{"embeddable":true,"href":"https:\/\/dimensionturistica.com\/es\/wp-json\/wp\/v2\/media\/112677"}],"wp:attachment":[{"href":"https:\/\/dimensionturistica.com\/es\/wp-json\/wp\/v2\/media?parent=112676"}],"wp:term":[{"taxonomy":"category","embeddable":true,"href":"https:\/\/dimensionturistica.com\/es\/wp-json\/wp\/v2\/categories?post=112676"},{"taxonomy":"post_tag","embeddable":true,"href":"https:\/\/dimensionturistica.com\/es\/wp-json\/wp\/v2\/tags?post=112676"}],"curies":[{"name":"wp","href":"https:\/\/api.w.org\/{rel}","templated":true}]}}