{"id":1126739,"date":"2026-03-18T19:56:46","date_gmt":"2026-03-18T19:56:46","guid":{"rendered":"https:\/\/dimensionturistica.com\/es\/?p=1126739"},"modified":"2026-03-18T19:56:46","modified_gmt":"2026-03-18T19:56:46","slug":"esta-marca-de-especias-adorada-acaba-de-lanzar-su-primer-recetario-de-platos-sudasiaticos-de-la-granja-a-la-mesa","status":"publish","type":"post","link":"https:\/\/dimensionturistica.com\/es\/esta-marca-de-especias-adorada-acaba-de-lanzar-su-primer-recetario-de-platos-sudasiaticos-de-la-granja-a-la-mesa\/","title":{"rendered":"Esta Marca de Especias Adorada Acaba de Lanzar Su Primer Recetario de Platos Sudasi\u00e1ticos de la Granja a la Mesa."},"content":{"rendered":"<h3>La Fusi\u00f3n entre la Moda y la Gastronom\u00eda: Un Viaje a Trav\u00e9s de Sabores Culturales<\/h3>\n<p>La intersecci\u00f3n de la moda y la gastronom\u00eda ha tomado un nuevo rumbo, mostrando c\u00f3mo los colores, texturas y tradiciones no solo habitan en el vestir, sino tambi\u00e9n en la cocina. Una nueva propuesta culinaria se est\u00e1 gestando en el mundo de la moda: un libro de recetas que no solo re\u00fane sabores, sino tambi\u00e9n historias de comunidades en la di\u00e1spora.<\/p>\n<p>Este innovador proyecto culinario surge de la necesidad de visibilizar y celebrar la riqueza de las distintas culturas que componen nuestra sociedad. A trav\u00e9s de recetas tradicionales y contempor\u00e1neas, se explora el papel de los ingredientes en la identidad cultural, convirtiendo cada platillo en un relato sobre ra\u00edces y pertenencia. La gastronom\u00eda se transforma as\u00ed en un medio de expresi\u00f3n que trasciende fronteras y revive memorias.<\/p>\n<h4>Tradici\u00f3n y Modernidad: Un Dueto Perfecto<\/h4>\n<p>Cada receta es un homenaje a las tradiciones culinarias de diversas comunidades. La obra se convierte en un puente entre generaciones, fusionando m\u00e9todos ancestrales con t\u00e9cnicas modernas. Este enfoque no solo abre el paladar a nuevas experiencias, sino que tambi\u00e9n invita a la reflexi\u00f3n sobre el significado de la comida en nuestras vidas. <\/p>\n<p>Los platillos van acompa\u00f1ados de relatos que enriquecen a\u00fan m\u00e1s la experiencia; an\u00e9cdotas familiares, recuerdos de celebraciones y la influencia de la di\u00e1spora en la evoluci\u00f3n de la cocina. Cada ingrediente lleva consigo un peso emocional que a\u00f1ade profundidad al acto de comer. As\u00ed, la gastronom\u00eda se convierte en un acto de resistencia cultural, uniendo a las personas en torno a la mesa.<\/p>\n<h4>Moda como Inspiraci\u00f3n Culinaria<\/h4>\n<p>El v\u00ednculo entre la moda y la gastronom\u00eda se hace evidente al observar c\u00f3mo los colores, las texturas y los estilos presentes en las recetas reflejan las \u00faltimas tendencias del dise\u00f1o. La creatividad no se limita a lo que se lleva puesto, sino que se extiende a los platos que servimos. Este enfoque celebra el arte en su forma m\u00e1s amplia, donde el dise\u00f1o de la mesa, la presentaci\u00f3n del platillo, y el vestuario se entrelazan.<\/p>\n<p>Algunas recetas invitan a explorar la est\u00e9tica visual a trav\u00e9s de la comida, logrando que cada comida sea un evento digno de una pasarela. Este a\u00f1adido convierte el acto de cocinar en una experiencia sensorial completa, donde cada aspecto es cuidadosamente considerado.<\/p>\n<h4>Comunidades y Conexiones<\/h4>\n<p>La obra no solo representa una recopilaci\u00f3n de sabores, sino tambi\u00e9n un foco de conexi\u00f3n entre las comunidades. En un mundo donde a menudo se perciben divisiones, la gastronom\u00eda emerge como un elemento unificador. Las recetas se convierten en un veh\u00edculo para la interacci\u00f3n social, donde los comensales pueden compartir no solo la comida, sino tambi\u00e9n la cultura y la historia que cada bocado representa.<\/p>\n<p>Adem\u00e1s, este enfoque fomenta el apoyo a peque\u00f1os productores y emprendedores gastron\u00f3micos de comunidades diversas, resaltando la importancia de la econom\u00eda local y el comercio justo. Al valorar lo que hay en la mesa, se potencia una cadena de beneficios que aboga por la sostenibilidad y la responsabilidad social.<\/p>\n<h3>El Futuro de la Gastronom\u00eda y la Moda<\/h3>\n<p>La fusi\u00f3n de la moda y la cocina invita a repensar nuestras tradiciones y h\u00e1bitos, estableciendo un di\u00e1logo continuo entre lo que vestimos y lo que consumimos. Este movimiento no solo celebra la diversidad cultural, sino que tambi\u00e9n inspira a cada individuo a convertirse en un creador, ya sea en la cocina o en su elecci\u00f3n de atuendos.<\/p>\n<p>Al final, cada plato tiene una historia que contar, y cada atuendo una cultura que representar. En un mundo interconectado, esta influencia mutua puede cambiar la manera en que vivimos, comemos y nos vestimos, haciendo de cada d\u00eda una celebraci\u00f3n de identidad y creatividad.<\/p>\n<p><em> &#8221; Fuentes www.vogue.com &#8221; <\/em><\/p>\n","protected":false},"excerpt":{"rendered":"<p>La Fusi\u00f3n entre la Moda y la Gastronom\u00eda: Un Viaje a Trav\u00e9s de Sabores Culturales La intersecci\u00f3n de la moda y la gastronom\u00eda ha tomado un nuevo rumbo, mostrando c\u00f3mo los colores, texturas y tradiciones no solo habitan en el vestir, sino tambi\u00e9n en la cocina. Una nueva propuesta culinaria se est\u00e1 gestando en el [&hellip;]<\/p>\n","protected":false},"author":14,"featured_media":1126740,"comment_status":"open","ping_status":"closed","sticky":false,"template":"","format":"standard","meta":{"om_disable_all_campaigns":false,"jnews-multi-image_gallery":[],"jnews_single_post":[],"jnews_primary_category":[],"jnews_social_meta":[],"footnotes":""},"categories":[144872],"tags":[101406,76385,8220,271869,126967,355,271872,271871,271870,97821,198622,217323,373],"class_list":["post-1126739","post","type-post","status-publish","format-standard","has-post-thumbnail","hentry","category-fashion","tag-cookbook","tag-cooking","tag-culinary","tag-cult-favorite","tag-farm-to-table","tag-food","tag-recipe-collection","tag-south-asian-recipes","tag-spice-brand","tag-spices","tag-splitscreenimagerightinset","tag-storytypeinterview","tag-web"],"_links":{"self":[{"href":"https:\/\/dimensionturistica.com\/es\/wp-json\/wp\/v2\/posts\/1126739","targetHints":{"allow":["GET"]}}],"collection":[{"href":"https:\/\/dimensionturistica.com\/es\/wp-json\/wp\/v2\/posts"}],"about":[{"href":"https:\/\/dimensionturistica.com\/es\/wp-json\/wp\/v2\/types\/post"}],"author":[{"embeddable":true,"href":"https:\/\/dimensionturistica.com\/es\/wp-json\/wp\/v2\/users\/14"}],"replies":[{"embeddable":true,"href":"https:\/\/dimensionturistica.com\/es\/wp-json\/wp\/v2\/comments?post=1126739"}],"version-history":[{"count":1,"href":"https:\/\/dimensionturistica.com\/es\/wp-json\/wp\/v2\/posts\/1126739\/revisions"}],"predecessor-version":[{"id":1126741,"href":"https:\/\/dimensionturistica.com\/es\/wp-json\/wp\/v2\/posts\/1126739\/revisions\/1126741"}],"wp:featuredmedia":[{"embeddable":true,"href":"https:\/\/dimensionturistica.com\/es\/wp-json\/wp\/v2\/media\/1126740"}],"wp:attachment":[{"href":"https:\/\/dimensionturistica.com\/es\/wp-json\/wp\/v2\/media?parent=1126739"}],"wp:term":[{"taxonomy":"category","embeddable":true,"href":"https:\/\/dimensionturistica.com\/es\/wp-json\/wp\/v2\/categories?post=1126739"},{"taxonomy":"post_tag","embeddable":true,"href":"https:\/\/dimensionturistica.com\/es\/wp-json\/wp\/v2\/tags?post=1126739"}],"curies":[{"name":"wp","href":"https:\/\/api.w.org\/{rel}","templated":true}]}}