{"id":1126650,"date":"2026-03-18T17:16:47","date_gmt":"2026-03-18T17:16:47","guid":{"rendered":"https:\/\/dimensionturistica.com\/es\/?p=1126650"},"modified":"2026-03-18T17:16:47","modified_gmt":"2026-03-18T17:16:47","slug":"vb-group-colabora-con-mas-de-80-companias-en-un-enfoque-para-implementar-la-ley-de-discapacidad-en-viajes-de-negocios","status":"publish","type":"post","link":"https:\/\/dimensionturistica.com\/es\/vb-group-colabora-con-mas-de-80-companias-en-un-enfoque-para-implementar-la-ley-de-discapacidad-en-viajes-de-negocios\/","title":{"rendered":"VB Group colabora con m\u00e1s de 80 compa\u00f1\u00edas en un enfoque para implementar la Ley de Discapacidad en viajes de negocios."},"content":{"rendered":"<h3>La Inclusi\u00f3n en el Turismo: Un Paso Fundamental hacia la Accesibilidad<\/h3>\n<p>En un mundo donde la diversidad y la inclusi\u00f3n son cada vez m\u00e1s valoradas, el turismo no se queda atr\u00e1s. Recientemente, un grupo de empresas ha dado un importante paso hacia la creaci\u00f3n de un entorno m\u00e1s accesible para todos, estableciendo un modelo que facilita la inclusi\u00f3n de personas con discapacidad en los viajes corporativos.<\/p>\n<p>La iniciativa, que ya cuenta con el respaldo de m\u00e1s de 80 empresas, busca implementar la Ley de Discapacidad en el \u00e1mbito tur\u00edstico, resolviendo as\u00ed uno de los desaf\u00edos m\u00e1s significativos que enfrenta este sector. La accesibilidad no es solo un requisito legal; es una oportunidad para enriquecer la experiencia de todos los viajeros.<\/p>\n<h3>Un Modelo Inclusivo<\/h3>\n<p>El modelo propuesto se centra en crear espacios y servicios accesibles, permitiendo que todos, independientemente de sus capacidades f\u00edsicas, puedan disfrutar de experiencias de viaje enriquecedoras. Desde la adaptaci\u00f3n de instalaciones hasta la capacitaci\u00f3n del personal, cada aspecto se est\u00e1 revisando con detenimiento para garantizar que nadie se quede atr\u00e1s.<\/p>\n<p>Este esfuerzo no solo beneficia a las personas con discapacidad, sino que tambi\u00e9n ampl\u00eda el mercado potencial para las empresas. La inclusi\u00f3n en el turismo puede atraer a un segmento significativo de la poblaci\u00f3n que, hasta ahora, ha tenido dificultades para acceder a estos servicios.<\/p>\n<h3>Beneficios para Empresas<\/h3>\n<p>Para las empresas involucradas en esta iniciativa, ser pioneras en la implementaci\u00f3n de un modelo inclusivo les brinda la oportunidad de destacar en un mercado altamente competitivo. Los viajeros valoran cada vez m\u00e1s la responsabilidad social de las marcas, y mostrar un compromiso genuino con la accesibilidad puede traducirse en una lealtad de marca sin precedentes.<\/p>\n<p>Adem\u00e1s, la inclusi\u00f3n ha demostrado tener un impacto positivo en el ambiente laboral. Crear un lugar de trabajo que valora la diversidad puede fomentar una cultura corporativa m\u00e1s rica y din\u00e1mica, lo que a su vez se traduce en un mejor servicio al cliente.<\/p>\n<h3>Un Futuro Prometedor<\/h3>\n<p>A medida que el sector tur\u00edstico avanza hacia una mayor inclusi\u00f3n, es fundamental que todos los actores involucrados, desde hoteles hasta agencias de viaje, se comprometan a seguir este camino. La accesibilidad no debe ser una adici\u00f3n, sino un componente esencial de la oferta tur\u00edstica.<\/p>\n<p>Este modelo de inclusividad podr\u00eda marcar un antes y un despu\u00e9s en la manera en que concebimos los viajes. La idea de que todos, sin excepci\u00f3n, pueden experimentar la magia de viajar es un concepto que da esperanza y abre puertas.<\/p>\n<p>Con cada paso hacia la accesibilidad, se construye no solo un mundo m\u00e1s inclusivo, sino tambi\u00e9n una experiencia de viaje m\u00e1s rica y variada para todos. El futuro del turismo no solo se trata de descubrir nuevos destinos, sino de asegurarse de que todos puedan disfrutarlos plenamente.<\/p>\n<p><em> &#8221; Fuentes www.europapress.es &#8221; <\/em><\/p>\n","protected":false},"excerpt":{"rendered":"<p>La Inclusi\u00f3n en el Turismo: Un Paso Fundamental hacia la Accesibilidad En un mundo donde la diversidad y la inclusi\u00f3n son cada vez m\u00e1s valoradas, el turismo no se queda atr\u00e1s. Recientemente, un grupo de empresas ha dado un importante paso hacia la creaci\u00f3n de un entorno m\u00e1s accesible para todos, estableciendo un modelo que [&hellip;]<\/p>\n","protected":false},"author":4,"featured_media":1126651,"comment_status":"open","ping_status":"closed","sticky":false,"template":"","format":"standard","meta":{"om_disable_all_campaigns":false,"jnews-multi-image_gallery":[],"jnews_single_post":[],"jnews_primary_category":[],"jnews_social_meta":[],"footnotes":""},"categories":[39],"tags":[11324,192334,634,24198,12850,271844,213156,33721,147226,2078],"class_list":["post-1126650","post","type-post","status-publish","format-standard","has-post-thumbnail","hentry","category-viajes","tag-accesibilidad","tag-cumplimiento-normativo","tag-empresas","tag-gestion-de-viajes","tag-inclusion","tag-ley-de-discapacidad","tag-modelaje","tag-responsabilidad-social","tag-vb-group","tag-viajes-corporativos"],"_links":{"self":[{"href":"https:\/\/dimensionturistica.com\/es\/wp-json\/wp\/v2\/posts\/1126650","targetHints":{"allow":["GET"]}}],"collection":[{"href":"https:\/\/dimensionturistica.com\/es\/wp-json\/wp\/v2\/posts"}],"about":[{"href":"https:\/\/dimensionturistica.com\/es\/wp-json\/wp\/v2\/types\/post"}],"author":[{"embeddable":true,"href":"https:\/\/dimensionturistica.com\/es\/wp-json\/wp\/v2\/users\/4"}],"replies":[{"embeddable":true,"href":"https:\/\/dimensionturistica.com\/es\/wp-json\/wp\/v2\/comments?post=1126650"}],"version-history":[{"count":1,"href":"https:\/\/dimensionturistica.com\/es\/wp-json\/wp\/v2\/posts\/1126650\/revisions"}],"predecessor-version":[{"id":1126652,"href":"https:\/\/dimensionturistica.com\/es\/wp-json\/wp\/v2\/posts\/1126650\/revisions\/1126652"}],"wp:featuredmedia":[{"embeddable":true,"href":"https:\/\/dimensionturistica.com\/es\/wp-json\/wp\/v2\/media\/1126651"}],"wp:attachment":[{"href":"https:\/\/dimensionturistica.com\/es\/wp-json\/wp\/v2\/media?parent=1126650"}],"wp:term":[{"taxonomy":"category","embeddable":true,"href":"https:\/\/dimensionturistica.com\/es\/wp-json\/wp\/v2\/categories?post=1126650"},{"taxonomy":"post_tag","embeddable":true,"href":"https:\/\/dimensionturistica.com\/es\/wp-json\/wp\/v2\/tags?post=1126650"}],"curies":[{"name":"wp","href":"https:\/\/api.w.org\/{rel}","templated":true}]}}