{"id":1126579,"date":"2026-03-18T14:47:46","date_gmt":"2026-03-18T14:47:46","guid":{"rendered":"https:\/\/dimensionturistica.com\/es\/?p=1126579"},"modified":"2026-03-18T14:47:46","modified_gmt":"2026-03-18T14:47:46","slug":"texturas-flecos-estampados-faldas-declarativas-que-debes-incluir-en-tu-armario-y-como-combinarlas","status":"publish","type":"post","link":"https:\/\/dimensionturistica.com\/es\/texturas-flecos-estampados-faldas-declarativas-que-debes-incluir-en-tu-armario-y-como-combinarlas\/","title":{"rendered":"\u00a1Texturas! \u00a1Flecos! \u00a1Estampados! Faldas Declarativas que Debes Incluir en Tu Armario\u2014Y C\u00f3mo Combinarlas"},"content":{"rendered":"<h3>El Renacer de las Faldas Statement: \u00a1Atr\u00e9vete a Destacar!<\/h3>\n<p>En el universo de la moda, algunas prendas llegan para quedarse y otras regresan con renovado vigor. En esta temporada, las faldas statement est\u00e1n en el centro de atenci\u00f3n, transformando cualquier atuendo en una declaraci\u00f3n audaz de estilo.<\/p>\n<h4>La Versatilidad que Impacta<\/h4>\n<p>Las faldas statement no son solo una simple prenda. Su capacidad para adaptarse a diversas ocasiones las convierte en un must-have en el armario. Desde eventos formales hasta salidas nocturnas, una falda bien elegida puede elevar cualquier look. Pensadas para resaltar la figura, los dise\u00f1os pueden variar desde volantes exuberantes hasta cortes asim\u00e9tricos que captan miradas y generan conversaci\u00f3n.<\/p>\n<h4>Colores y Texturas que Hablan<\/h4>\n<p>Esta temporada, los colores vibrantes y las texturas llamativas son protagonistas. Los tonos ne\u00f3n y los estampados gr\u00e1ficos permiten a cada mujer expresar su personalidad. La combinaci\u00f3n de tejidos como el sat\u00e9n, el terciopelo o el denim aporta profundidad y un toque extra que la moda contempor\u00e1nea persigue con fervor. Se pueden mezclar y combinar con blusas sencillas, creando un equilibrio perfecto entre audacia y sofisticaci\u00f3n.<\/p>\n<h4>El Estilo en la Comodidad<\/h4>\n<p>Una de las grandes ventajas de las faldas statement es su comodidad. A diferencia de otros elementos de una vestimenta elaborada, estas faldas permiten moverse con libertad, sin sacrificar el estilo. Esto es especialmente importante en un mundo donde la prenda ideal debe ofrecer no solo est\u00e9tica, sino tambi\u00e9n practicidad.<\/p>\n<h4>Inquietud en la Pasarela<\/h4>\n<p>La atenci\u00f3n hacia estas faldas ha sido innegable, con dise\u00f1adores de renombre lanzando nuevas propuestas que desaf\u00edan las normas. En las pasarelas, el movimiento fluido de las faldas contrastando con el dinamismo de los tops ajustados ha capturado el inter\u00e9s del p\u00fablico. Esta dualidad se convierte en un s\u00edmbolo del contraste que la moda actual busca: compromiso entre confort y estilo vanguardista.<\/p>\n<h4>C\u00f3mo Incorporarlas en Tu Vestuario<\/h4>\n<p>Iniciar con una falda statement puede parecer intimidante, pero la clave est\u00e1 en empezar con lo que te haga sentir bien. Opta por una prenda que refleje tu esencia y que puedas combinar f\u00e1cilmente. Las faldas largas son ideales para un look bohemio, mientras que las faldas cortas crean un estilo juvenil y fresco. La elecci\u00f3n de los accesorios tambi\u00e9n es crucial; un bolso minimalista y calzado c\u00f3modo pueden ser el complemento perfecto para resaltar tu falda.<\/p>\n<h4>El Impacto Social de la Moda<\/h4>\n<p>Las faldas statement no solo est\u00e1n destinadas a ser llevadas; tambi\u00e9n est\u00e1n dise\u00f1adas para ser vistas. En un mundo cada vez m\u00e1s digital, estas prendas se convierten en el foco perfecto para compartir en redes sociales. Las im\u00e1genes vibrantes, los v\u00eddeos que capturan su movimiento y los outfits logrados en Instagram convierten a la falda en un tema de conversaci\u00f3n, influyendo en tendencias globales y fomentando un sentido de comunidad entre los amantes de la moda.<\/p>\n<h4>Conclusi\u00f3n<\/h4>\n<p>Las faldas statement son m\u00e1s que una tendencia de temporada; son una forma de autoexpresi\u00f3n que ha encontrado su lugar en el coraz\u00f3n de la moda actual. La invitaci\u00f3n es a sumarse a esta celebraci\u00f3n de estilo, donde cada prenda cuenta una historia y cada look deja una huella. Esta es la oportunidad perfecta para atreverte a destacar, \u00a1la pasarela est\u00e1 lista para ti!<\/p>\n<p><em> &#8221; Fuentes www.vogue.com &#8221; <\/em><\/p>\n","protected":false},"excerpt":{"rendered":"<p>El Renacer de las Faldas Statement: \u00a1Atr\u00e9vete a Destacar! En el universo de la moda, algunas prendas llegan para quedarse y otras regresan con renovado vigor. En esta temporada, las faldas statement est\u00e1n en el centro de atenci\u00f3n, transformando cualquier atuendo en una declaraci\u00f3n audaz de estilo. La Versatilidad que Impacta Las faldas statement no [&hellip;]<\/p>\n","protected":false},"author":14,"featured_media":1126581,"comment_status":"open","ping_status":"closed","sticky":false,"template":"","format":"standard","meta":{"om_disable_all_campaigns":false,"jnews-multi-image_gallery":[],"jnews_single_post":[],"jnews_primary_category":[],"jnews_social_meta":[],"footnotes":""},"categories":[144872],"tags":[198537,198594,198536,198535,166,244689,198499,198525,210612,202,156756,209797,217122,372,198500,118868,6194,198615,373],"class_list":["post-1126579","post","type-post","status-publish","format-standard","has-post-thumbnail","hentry","category-fashion","tag-_commerce","tag-_sensitivecontent","tag-_seo","tag-_syndication_noshow","tag-fashion","tag-fringe","tag-onecolumn","tag-outfit-ideas","tag-prints","tag-shopping","tag-skirts","tag-statement-pieces","tag-storytypecategory-guide-comparison","tag-style","tag-textabovecenterfullbleed","tag-texture","tag-trends","tag-wardrobe","tag-web"],"_links":{"self":[{"href":"https:\/\/dimensionturistica.com\/es\/wp-json\/wp\/v2\/posts\/1126579","targetHints":{"allow":["GET"]}}],"collection":[{"href":"https:\/\/dimensionturistica.com\/es\/wp-json\/wp\/v2\/posts"}],"about":[{"href":"https:\/\/dimensionturistica.com\/es\/wp-json\/wp\/v2\/types\/post"}],"author":[{"embeddable":true,"href":"https:\/\/dimensionturistica.com\/es\/wp-json\/wp\/v2\/users\/14"}],"replies":[{"embeddable":true,"href":"https:\/\/dimensionturistica.com\/es\/wp-json\/wp\/v2\/comments?post=1126579"}],"version-history":[{"count":1,"href":"https:\/\/dimensionturistica.com\/es\/wp-json\/wp\/v2\/posts\/1126579\/revisions"}],"predecessor-version":[{"id":1126582,"href":"https:\/\/dimensionturistica.com\/es\/wp-json\/wp\/v2\/posts\/1126579\/revisions\/1126582"}],"wp:featuredmedia":[{"embeddable":true,"href":"https:\/\/dimensionturistica.com\/es\/wp-json\/wp\/v2\/media\/1126581"}],"wp:attachment":[{"href":"https:\/\/dimensionturistica.com\/es\/wp-json\/wp\/v2\/media?parent=1126579"}],"wp:term":[{"taxonomy":"category","embeddable":true,"href":"https:\/\/dimensionturistica.com\/es\/wp-json\/wp\/v2\/categories?post=1126579"},{"taxonomy":"post_tag","embeddable":true,"href":"https:\/\/dimensionturistica.com\/es\/wp-json\/wp\/v2\/tags?post=1126579"}],"curies":[{"name":"wp","href":"https:\/\/api.w.org\/{rel}","templated":true}]}}