{"id":1126572,"date":"2026-03-18T14:37:53","date_gmt":"2026-03-18T14:37:53","guid":{"rendered":"https:\/\/dimensionturistica.com\/es\/?p=1126572"},"modified":"2026-03-18T14:37:53","modified_gmt":"2026-03-18T14:37:53","slug":"solicitan-apoyo-financiero-las-agencias-de-las-islas-baleares","status":"publish","type":"post","link":"https:\/\/dimensionturistica.com\/es\/solicitan-apoyo-financiero-las-agencias-de-las-islas-baleares\/","title":{"rendered":"Solicitan apoyo financiero las agencias de las Islas Baleares"},"content":{"rendered":"<h3>La Turbulencia en Oriente Medio: Impacto en el Turismo Balear<\/h3>\n<p>En el presente a\u00f1o, el turismo ha experimentado movimientos inesperados, con Oriente Medio como epicentro de una crisis que ha dejado sentir sus efectos en destinos tan lejanos como las Islas Baleares. Las agencias de viaje locales, ante la incertidumbre que se ha desatado, han alzado la voz pidiendo apoyo al gobierno.<\/p>\n<p>La situaci\u00f3n geopol\u00edtica en pa\u00edses como Siria, Irak y Afganist\u00e1n ha provocado un cambio en los patrones de viaje, empujando a los turistas europeos a buscar refugio en destinos m\u00e1s seguros. Tradicionalmente, las Islas Baleares han sido un faro de estabilidad y belleza en el Mediterr\u00e1neo, atrayendo cada a\u00f1o a millones de viajeros en busca de sol, playa y cultura.<\/p>\n<p>Sin embargo, la reciente inestabilidad en Oriente Medio ha llevado a muchas agencias a recalibrar sus estrategias de venta. La amenaza de conflictos y violencia ha desencadenado una migraci\u00f3n indirecta de turistas, que, si bien buscan alternativas, se enfrentan a un mercado saturado y a un aumento en la oferta que podr\u00eda desconcertar a los futuros visitantes. <\/p>\n<p>Las agencias de Baleares han instado al gobierno local a establecer medidas que apoyen la promoci\u00f3n del turismo regional, resaltando la necesidad de incentivar el atractivo de las islas ante un panorama incierto. Las iniciativas podr\u00edan incluir campa\u00f1as publicitarias que resalten la paz y la belleza natural de la regi\u00f3n, as\u00ed como la diversificaci\u00f3n de la oferta tur\u00edstica, incorporando elementos culturales y experiencias que cautiven a nuevos p\u00fablicos.<\/p>\n<p>Adem\u00e1s, el sector hotelero se enfrenta a retos adicionales. Con la llegada de menos turistas internacionales, muchos establecimientos han visto afectada su rentabilidad. La temporada baja se siente m\u00e1s prolongada, lo que agrava la situaci\u00f3n financiera de los negocios locales. Las autoridades y los empresarios deben trabajar juntos para brindar soluciones creativas que mantengan la atractividad del destino.<\/p>\n<p>Por su parte, los viajeros est\u00e1n m\u00e1s informados que nunca y buscan seguridad en sus elecciones. Tal vez el momento es propicio para que las Islas Baleares se posicionen como un lugar id\u00f3neo para el turismo familiar, la aventura sostenible y el bienestar personal. Promover retiros de yoga, rutas en la naturaleza y actividades dise\u00f1adas para reconectar con uno mismo son solo algunas ideas que podr\u00edan ser exploradas.<\/p>\n<p>Adem\u00e1s, la adaptaci\u00f3n a las nuevas tendencias en el turismo, impulsadas por la pandemia, ser\u00e1 crucial. El turismo responsable y la sostenibilidad est\u00e1n en auge, y las Baleares, con su rica biodiversidad y paisajes \u00fanicos, tienen un gran potencial para atraer a esta nueva era de viajeros conscientes.<\/p>\n<p>El futuro turismo balear debe repensarse en este contexto turbulento. Con el apoyo del gobierno y la colaboraci\u00f3n de todos los actores del sector, la regi\u00f3n tiene la oportunidad de no solo recuperarse, sino de florecer en un ambiente global fluctuante.<\/p>\n<p>Mientras el ecosistema tur\u00edstico mundial se adapta a los nuevos desaf\u00edos, las Islas Baleares tienen ante s\u00ed la oportunidad de elevarse a\u00fan m\u00e1s como un destino deseado. Con su belleza natural y cultural, combinado con un enfoque renovado en la sostenibilidad y la seguridad, el archipi\u00e9lago se perfila como uno de los rincones m\u00e1s prometedores del Mediterr\u00e1neo para el viajero moderno.<\/p>\n<p><em> &#8221; Sources www.hosteltur.com &#8221; <\/em><\/p>\n","protected":false},"excerpt":{"rendered":"<p>La Turbulencia en Oriente Medio: Impacto en el Turismo Balear En el presente a\u00f1o, el turismo ha experimentado movimientos inesperados, con Oriente Medio como epicentro de una crisis que ha dejado sentir sus efectos en destinos tan lejanos como las Islas Baleares. Las agencias de viaje locales, ante la incertidumbre que se ha desatado, han [&hellip;]<\/p>\n","protected":false},"author":4,"featured_media":1126573,"comment_status":"open","ping_status":"closed","sticky":false,"template":"","format":"standard","meta":{"om_disable_all_campaigns":false,"jnews-multi-image_gallery":[],"jnews_single_post":[],"jnews_primary_category":[],"jnews_social_meta":[],"footnotes":""},"categories":[40],"tags":[1161,783,6558,1619,3207,1771,5904,572,715,634,3459,19566,5725,1865,14774,544,12398],"class_list":["post-1126572","post","type-post","status-publish","format-standard","has-post-thumbnail","hentry","category-industria","tag-agencias","tag-agencias-de-viaje","tag-apoyo","tag-aviba","tag-ayudas","tag-baleares","tag-cancelaciones","tag-distribucion","tag-economia","tag-empresas","tag-govern-balear","tag-islas-baleares","tag-oriente-medio","tag-reservas","tag-subvenciones","tag-turismo","tag-turismo-emisor"],"_links":{"self":[{"href":"https:\/\/dimensionturistica.com\/es\/wp-json\/wp\/v2\/posts\/1126572","targetHints":{"allow":["GET"]}}],"collection":[{"href":"https:\/\/dimensionturistica.com\/es\/wp-json\/wp\/v2\/posts"}],"about":[{"href":"https:\/\/dimensionturistica.com\/es\/wp-json\/wp\/v2\/types\/post"}],"author":[{"embeddable":true,"href":"https:\/\/dimensionturistica.com\/es\/wp-json\/wp\/v2\/users\/4"}],"replies":[{"embeddable":true,"href":"https:\/\/dimensionturistica.com\/es\/wp-json\/wp\/v2\/comments?post=1126572"}],"version-history":[{"count":1,"href":"https:\/\/dimensionturistica.com\/es\/wp-json\/wp\/v2\/posts\/1126572\/revisions"}],"predecessor-version":[{"id":1126574,"href":"https:\/\/dimensionturistica.com\/es\/wp-json\/wp\/v2\/posts\/1126572\/revisions\/1126574"}],"wp:featuredmedia":[{"embeddable":true,"href":"https:\/\/dimensionturistica.com\/es\/wp-json\/wp\/v2\/media\/1126573"}],"wp:attachment":[{"href":"https:\/\/dimensionturistica.com\/es\/wp-json\/wp\/v2\/media?parent=1126572"}],"wp:term":[{"taxonomy":"category","embeddable":true,"href":"https:\/\/dimensionturistica.com\/es\/wp-json\/wp\/v2\/categories?post=1126572"},{"taxonomy":"post_tag","embeddable":true,"href":"https:\/\/dimensionturistica.com\/es\/wp-json\/wp\/v2\/tags?post=1126572"}],"curies":[{"name":"wp","href":"https:\/\/api.w.org\/{rel}","templated":true}]}}