{"id":1126453,"date":"2026-03-18T09:40:50","date_gmt":"2026-03-18T09:40:50","guid":{"rendered":"https:\/\/dimensionturistica.com\/es\/?p=1126453"},"modified":"2026-03-18T09:40:50","modified_gmt":"2026-03-18T09:40:50","slug":"unas-con-estampado-dalmata-descubre-la-manicura-que-dominara-la-temporada-primavera-verano-2026","status":"publish","type":"post","link":"https:\/\/dimensionturistica.com\/es\/unas-con-estampado-dalmata-descubre-la-manicura-que-dominara-la-temporada-primavera-verano-2026\/","title":{"rendered":"U\u00f1as con estampado d\u00e1lmata: descubre la manicura que dominar\u00e1 la temporada Primavera-Verano 2026."},"content":{"rendered":"<h3>Iconos de Estilo: El Regreso de las U\u00f1as D\u00e1lmata esta Primavera-Verano 2026<\/h3>\n<p>La moda nunca deja de sorprender, y esta temporada primavera-verano 2026 trae consigo una tendencia que resuena con fuerza: las u\u00f1as d\u00e1lmata. Este dise\u00f1o, que evoca el ic\u00f3nico patr\u00f3n del famoso perro, ha emergido como una de las principales elecciones para quienes buscan un toque de originalidad y diversi\u00f3n en su manicura.<\/p>\n<h4>\u00bfPor qu\u00e9 elegir el dise\u00f1o d\u00e1lmata?<\/h4>\n<p>El patr\u00f3n d\u00e1lmata combina elegancia y audacia, convirti\u00e9ndolo en el aliado perfecto para cualquier look. Su versatilidad permite que se adapte tanto a ocasiones formales como a outfits casuales, haci\u00e9ndolo ideal para el d\u00eda a d\u00eda o esa noche especial. Este estilo art\u00edstico ofrece una forma refrescante de expresarse, llamando la atenci\u00f3n sin perder la sutileza.<\/p>\n<h4>C\u00f3mo lograr el look ideal<\/h4>\n<ol>\n<li>\n<p><strong>Base S\u00f3lida<\/strong>: Opta por un color de base blanco o nude. Este fondo neutro resalta los puntos negros y proporciona una superficie perfecta para el dise\u00f1o.<\/p>\n<\/li>\n<li>\n<p><strong>Puntos Perfectos<\/strong>: Puedes crear los t\u00edpicos puntos negros con un pincel fino o dotting tool. La irregularidad en el tama\u00f1o de los puntos a\u00f1ade un toque \u00fanico, as\u00ed que no temas jugar con las proporciones.<\/p>\n<\/li>\n<li>\n<p><strong>Estilo Invertido<\/strong>: Para una variante m\u00e1s llamativa, considera un fondo negro con puntos blancos. Esta opci\u00f3n logra un contraste poderoso, ideal para hacer una declaraci\u00f3n de estilo.<\/p>\n<\/li>\n<li>\n<p><strong>Detalles Accesorios<\/strong>: Complementa tus u\u00f1as con accesorios que reflejen el mismo esp\u00edritu l\u00fadico. Colgantes de piel de dalmata o piezas de joyer\u00eda de inspiraci\u00f3n animal pueden unificar tu look.<\/p>\n<\/li>\n<\/ol>\n<h4>Manicura en Movimiento<\/h4>\n<p>El dise\u00f1o d\u00e1lmata no solo es para las que disfrutan de un arte meticuloso, sino que tambi\u00e9n es perfecto para quienes buscan una manicura f\u00e1cil de mantener. La naturaleza de este patr\u00f3n hace que el desgaste sea menos perceptible, lo que significa que tus u\u00f1as pueden lucir fant\u00e1sticas durante semanas.<\/p>\n<h4>Inspiraci\u00f3n de Pasarela<\/h4>\n<p>Las pasarelas han abrazado este dise\u00f1o en diversos contextos, desde la lujosa colecci\u00f3n de alta costura hasta el street style contempor\u00e1neo. Las influencers y celebridades han sido vistas luciendo estas u\u00f1as tanto en eventos glamorosos como en su d\u00eda a d\u00eda, creando un fen\u00f3meno que r\u00e1pidamente roba miradas y corazones.<\/p>\n<h4>\u00bfD\u00f3nde llevarlas?<\/h4>\n<p>Las u\u00f1as d\u00e1lmata son la elecci\u00f3n perfecta para cualquier evento. Desde festivales de m\u00fasica hasta cenas formales, este arte en las manos se adapta a cualquier situaci\u00f3n. Adem\u00e1s, su capacidad de shock se convierte en el tema de conversaci\u00f3n perfecto, atrayendo admiradores y generando un halo de misterio alrededor de tu estilo.<\/p>\n<h3>Conclusi\u00f3n<\/h3>\n<p>La tendencia de las u\u00f1as d\u00e1lmata en primavera-verano 2026 invita a experimentar con el color y el dise\u00f1o, resaltando la individualidad en cada manicura. Con sus or\u00edgenes en el mundo de la moda, este estilo promete continuar ganando terreno, inspirando a las amantes de la belleza a adoptar este juego de contrastes. \u00a1Es hora de dejar que tus u\u00f1as hablen por ti!<\/p>\n<p><em> &#8221; Fuentes www.vogue.mx &#8221; <\/em><\/p>\n","protected":false},"excerpt":{"rendered":"<p>Iconos de Estilo: El Regreso de las U\u00f1as D\u00e1lmata esta Primavera-Verano 2026 La moda nunca deja de sorprender, y esta temporada primavera-verano 2026 trae consigo una tendencia que resuena con fuerza: las u\u00f1as d\u00e1lmata. Este dise\u00f1o, que evoca el ic\u00f3nico patr\u00f3n del famoso perro, ha emergido como una de las principales elecciones para quienes buscan [&hellip;]<\/p>\n","protected":false},"author":14,"featured_media":1126454,"comment_status":"open","ping_status":"closed","sticky":false,"template":"","format":"standard","meta":{"om_disable_all_campaigns":false,"jnews-multi-image_gallery":[],"jnews_single_post":[],"jnews_primary_category":[],"jnews_social_meta":[],"footnotes":""},"categories":[144872],"tags":[55723,3381,271795,203572,199354,659,200951,66168,230504,1252,12543,271796],"class_list":["post-1126453","post","type-post","status-publish","format-standard","has-post-thumbnail","hentry","category-fashion","tag-55723","tag-belleza","tag-dalmata","tag-manicura","tag-manicure","tag-moda","tag-nail-art","tag-primavera-verano","tag-primavera-verano-2026","tag-tendencia","tag-unas","tag-unas-de-arte"],"_links":{"self":[{"href":"https:\/\/dimensionturistica.com\/es\/wp-json\/wp\/v2\/posts\/1126453","targetHints":{"allow":["GET"]}}],"collection":[{"href":"https:\/\/dimensionturistica.com\/es\/wp-json\/wp\/v2\/posts"}],"about":[{"href":"https:\/\/dimensionturistica.com\/es\/wp-json\/wp\/v2\/types\/post"}],"author":[{"embeddable":true,"href":"https:\/\/dimensionturistica.com\/es\/wp-json\/wp\/v2\/users\/14"}],"replies":[{"embeddable":true,"href":"https:\/\/dimensionturistica.com\/es\/wp-json\/wp\/v2\/comments?post=1126453"}],"version-history":[{"count":1,"href":"https:\/\/dimensionturistica.com\/es\/wp-json\/wp\/v2\/posts\/1126453\/revisions"}],"predecessor-version":[{"id":1126455,"href":"https:\/\/dimensionturistica.com\/es\/wp-json\/wp\/v2\/posts\/1126453\/revisions\/1126455"}],"wp:featuredmedia":[{"embeddable":true,"href":"https:\/\/dimensionturistica.com\/es\/wp-json\/wp\/v2\/media\/1126454"}],"wp:attachment":[{"href":"https:\/\/dimensionturistica.com\/es\/wp-json\/wp\/v2\/media?parent=1126453"}],"wp:term":[{"taxonomy":"category","embeddable":true,"href":"https:\/\/dimensionturistica.com\/es\/wp-json\/wp\/v2\/categories?post=1126453"},{"taxonomy":"post_tag","embeddable":true,"href":"https:\/\/dimensionturistica.com\/es\/wp-json\/wp\/v2\/tags?post=1126453"}],"curies":[{"name":"wp","href":"https:\/\/api.w.org\/{rel}","templated":true}]}}